{"id":21600,"date":"2025-08-07T18:38:17","date_gmt":"2025-08-07T16:38:17","guid":{"rendered":"https:\/\/wgphoto.pl\/t\/?p=21600"},"modified":"2025-08-07T18:38:17","modified_gmt":"2025-08-07T16:38:17","slug":"karlovo-namesti-iii","status":"publish","type":"post","link":"https:\/\/wgphoto.pl\/t\/?p=21600","title":{"rendered":"Karlovo n\u00e1m\u011bst\u00ed III"},"content":{"rendered":"\n<figure class=\"wp-block-image aligncenter size-full\"><img loading=\"lazy\" decoding=\"async\" width=\"1400\" height=\"927\" src=\"https:\/\/wgphoto.pl\/t\/wp-content\/uploads\/2025\/08\/IMGP6082.jpg\" alt=\"\" class=\"wp-image-21601\" srcset=\"https:\/\/wgphoto.pl\/t\/wp-content\/uploads\/2025\/08\/IMGP6082.jpg 1400w, https:\/\/wgphoto.pl\/t\/wp-content\/uploads\/2025\/08\/IMGP6082-300x199.jpg 300w, https:\/\/wgphoto.pl\/t\/wp-content\/uploads\/2025\/08\/IMGP6082-768x509.jpg 768w\" sizes=\"auto, (max-width: 1400px) 100vw, 1400px\" \/><\/figure>\n\n\n\n<div class=\"wp-block-group has-global-padding is-layout-constrained wp-block-group-is-layout-constrained\">\n<p>Praga, Karlovo n\u00e1m\u011bst\u00ed o oldskulowym, lecz jednak ponadczasowym designie, tworzonym przez szklane p\u0142ytki na \u015bcianach i odpowiednie o\u015bwietlenie. 13.11.2021<\/p>\n<\/div>\n","protected":false},"excerpt":{"rendered":"<p>Praga, Karlovo n\u00e1m\u011bst\u00ed o oldskulowym, lecz jednak ponadczasowym designie, tworzonym przez szklane p\u0142ytki na \u015bcianach i odpowiednie o\u015bwietlenie. 13.11.2021<\/p>\n","protected":false},"author":1,"featured_media":21601,"comment_status":"open","ping_status":"","sticky":false,"template":"","format":"standard","meta":{"footnotes":""},"categories":[4,681],"tags":[2164,49,1049,173,2649,3582,52,1505,15],"class_list":["post-21600","post","type-post","status-publish","format-standard","has-post-thumbnail","hentry","category-metro","category-rok-2021","tag-2021-11-13","tag-czechy","tag-dp-praha","tag-koncowki","tag-metro-praha","tag-metrowagonmasz-81","tag-praga","tag-stacje-praskiego-metra","tag-tunel"],"_links":{"self":[{"href":"https:\/\/wgphoto.pl\/t\/index.php?rest_route=\/wp\/v2\/posts\/21600","targetHints":{"allow":["GET"]}}],"collection":[{"href":"https:\/\/wgphoto.pl\/t\/index.php?rest_route=\/wp\/v2\/posts"}],"about":[{"href":"https:\/\/wgphoto.pl\/t\/index.php?rest_route=\/wp\/v2\/types\/post"}],"author":[{"embeddable":true,"href":"https:\/\/wgphoto.pl\/t\/index.php?rest_route=\/wp\/v2\/users\/1"}],"replies":[{"embeddable":true,"href":"https:\/\/wgphoto.pl\/t\/index.php?rest_route=%2Fwp%2Fv2%2Fcomments&post=21600"}],"version-history":[{"count":1,"href":"https:\/\/wgphoto.pl\/t\/index.php?rest_route=\/wp\/v2\/posts\/21600\/revisions"}],"predecessor-version":[{"id":21602,"href":"https:\/\/wgphoto.pl\/t\/index.php?rest_route=\/wp\/v2\/posts\/21600\/revisions\/21602"}],"wp:featuredmedia":[{"embeddable":true,"href":"https:\/\/wgphoto.pl\/t\/index.php?rest_route=\/wp\/v2\/media\/21601"}],"wp:attachment":[{"href":"https:\/\/wgphoto.pl\/t\/index.php?rest_route=%2Fwp%2Fv2%2Fmedia&parent=21600"}],"wp:term":[{"taxonomy":"category","embeddable":true,"href":"https:\/\/wgphoto.pl\/t\/index.php?rest_route=%2Fwp%2Fv2%2Fcategories&post=21600"},{"taxonomy":"post_tag","embeddable":true,"href":"https:\/\/wgphoto.pl\/t\/index.php?rest_route=%2Fwp%2Fv2%2Ftags&post=21600"}],"curies":[{"name":"wp","href":"https:\/\/api.w.org\/{rel}","templated":true}]}}