{"id":21603,"date":"2025-08-07T18:39:06","date_gmt":"2025-08-07T16:39:06","guid":{"rendered":"https:\/\/wgphoto.pl\/t\/?p=21603"},"modified":"2025-08-07T18:39:24","modified_gmt":"2025-08-07T16:39:24","slug":"bez-wyswietlaczy","status":"publish","type":"post","link":"https:\/\/wgphoto.pl\/t\/?p=21603","title":{"rendered":"Bez wy\u015bwietlaczy"},"content":{"rendered":"\n<figure class=\"wp-block-image aligncenter size-full\"><img loading=\"lazy\" decoding=\"async\" width=\"1400\" height=\"927\" src=\"https:\/\/wgphoto.pl\/t\/wp-content\/uploads\/2025\/08\/IMGP5295.jpg\" alt=\"\" class=\"wp-image-21604\" srcset=\"https:\/\/wgphoto.pl\/t\/wp-content\/uploads\/2025\/08\/IMGP5295.jpg 1400w, https:\/\/wgphoto.pl\/t\/wp-content\/uploads\/2025\/08\/IMGP5295-300x199.jpg 300w, https:\/\/wgphoto.pl\/t\/wp-content\/uploads\/2025\/08\/IMGP5295-768x509.jpg 768w\" sizes=\"auto, (max-width: 1400px) 100vw, 1400px\" \/><\/figure>\n\n\n\n<div class=\"wp-block-group has-global-padding is-layout-constrained wp-block-group-is-layout-constrained\">\n<p>Budapeszt, Nagy Lajos kir\u00e1ly \u00fatja. Do przystanku Egressy t\u00e9r zbli\u017ca si\u0119 wagon TW6000 1547, jeden z niewielu bez wy\u015bwietlaczy w\u015br\u00f3d tych, kt\u00f3re spotka\u0142em. 18.06.2014<\/p>\n<\/div>\n","protected":false},"excerpt":{"rendered":"<p>Budapeszt, Nagy Lajos kir\u00e1ly \u00fatja. Do przystanku Egressy t\u00e9r zbli\u017ca si\u0119 wagon TW6000 1547, jeden z niewielu bez wy\u015bwietlaczy w\u015br\u00f3d tych, kt\u00f3re spotka\u0142em. 18.06.2014<\/p>\n","protected":false},"author":1,"featured_media":21604,"comment_status":"open","ping_status":"","sticky":false,"template":"","format":"standard","meta":{"footnotes":""},"categories":[48,3],"tags":[148,147,144,1704,105],"class_list":["post-21603","post","type-post","status-publish","format-standard","has-post-thumbnail","hentry","category-rok-2014","category-tramwaj","tag-2014-06-18","tag-bkv-budapest","tag-budapeszt","tag-duewag-tw6000","tag-wegry"],"_links":{"self":[{"href":"https:\/\/wgphoto.pl\/t\/index.php?rest_route=\/wp\/v2\/posts\/21603","targetHints":{"allow":["GET"]}}],"collection":[{"href":"https:\/\/wgphoto.pl\/t\/index.php?rest_route=\/wp\/v2\/posts"}],"about":[{"href":"https:\/\/wgphoto.pl\/t\/index.php?rest_route=\/wp\/v2\/types\/post"}],"author":[{"embeddable":true,"href":"https:\/\/wgphoto.pl\/t\/index.php?rest_route=\/wp\/v2\/users\/1"}],"replies":[{"embeddable":true,"href":"https:\/\/wgphoto.pl\/t\/index.php?rest_route=%2Fwp%2Fv2%2Fcomments&post=21603"}],"version-history":[{"count":2,"href":"https:\/\/wgphoto.pl\/t\/index.php?rest_route=\/wp\/v2\/posts\/21603\/revisions"}],"predecessor-version":[{"id":21606,"href":"https:\/\/wgphoto.pl\/t\/index.php?rest_route=\/wp\/v2\/posts\/21603\/revisions\/21606"}],"wp:featuredmedia":[{"embeddable":true,"href":"https:\/\/wgphoto.pl\/t\/index.php?rest_route=\/wp\/v2\/media\/21604"}],"wp:attachment":[{"href":"https:\/\/wgphoto.pl\/t\/index.php?rest_route=%2Fwp%2Fv2%2Fmedia&parent=21603"}],"wp:term":[{"taxonomy":"category","embeddable":true,"href":"https:\/\/wgphoto.pl\/t\/index.php?rest_route=%2Fwp%2Fv2%2Fcategories&post=21603"},{"taxonomy":"post_tag","embeddable":true,"href":"https:\/\/wgphoto.pl\/t\/index.php?rest_route=%2Fwp%2Fv2%2Ftags&post=21603"}],"curies":[{"name":"wp","href":"https:\/\/api.w.org\/{rel}","templated":true}]}}