{"id":21607,"date":"2025-08-07T18:40:17","date_gmt":"2025-08-07T16:40:17","guid":{"rendered":"https:\/\/wgphoto.pl\/t\/?p=21607"},"modified":"2025-08-07T18:40:17","modified_gmt":"2025-08-07T16:40:17","slug":"na-czele-peletonu-2","status":"publish","type":"post","link":"https:\/\/wgphoto.pl\/t\/?p=21607","title":{"rendered":"Na czele peletonu"},"content":{"rendered":"\n<figure class=\"wp-block-image aligncenter size-full\"><img loading=\"lazy\" decoding=\"async\" width=\"1400\" height=\"927\" src=\"https:\/\/wgphoto.pl\/t\/wp-content\/uploads\/2025\/08\/IMGP2645.jpg\" alt=\"\" class=\"wp-image-21608\" srcset=\"https:\/\/wgphoto.pl\/t\/wp-content\/uploads\/2025\/08\/IMGP2645.jpg 1400w, https:\/\/wgphoto.pl\/t\/wp-content\/uploads\/2025\/08\/IMGP2645-300x199.jpg 300w, https:\/\/wgphoto.pl\/t\/wp-content\/uploads\/2025\/08\/IMGP2645-768x509.jpg 768w\" sizes=\"auto, (max-width: 1400px) 100vw, 1400px\" \/><\/figure>\n\n\n\n<div class=\"wp-block-group has-global-padding is-layout-constrained wp-block-group-is-layout-constrained\">\n<p>Liniowy retro Ganz CSM-4 813 przemierza Zr\u00ednyi utca w Segedynie. Nie dziwi sznurek aut za tramwajem, gdy\u017c ten nie nale\u017cy do naj\u017cwawszych. 21.08.2015<\/p>\n<\/div>\n","protected":false},"excerpt":{"rendered":"<p>Liniowy retro Ganz CSM-4 813 przemierza Zr\u00ednyi utca w Segedynie. Nie dziwi sznurek aut za tramwajem, gdy\u017c ten nie nale\u017cy do naj\u017cwawszych. 21.08.2015<\/p>\n","protected":false},"author":1,"featured_media":21608,"comment_status":"open","ping_status":"","sticky":false,"template":"","format":"standard","meta":{"footnotes":""},"categories":[104,3],"tags":[109,139,106,1790,107,105],"class_list":["post-21607","post","type-post","status-publish","format-standard","has-post-thumbnail","hentry","category-rok-2015","category-tramwaj","tag-2015-08-21","tag-retro","tag-segedyn","tag-szkt-szeged","tag-wakacje-2015","tag-wegry"],"_links":{"self":[{"href":"https:\/\/wgphoto.pl\/t\/index.php?rest_route=\/wp\/v2\/posts\/21607","targetHints":{"allow":["GET"]}}],"collection":[{"href":"https:\/\/wgphoto.pl\/t\/index.php?rest_route=\/wp\/v2\/posts"}],"about":[{"href":"https:\/\/wgphoto.pl\/t\/index.php?rest_route=\/wp\/v2\/types\/post"}],"author":[{"embeddable":true,"href":"https:\/\/wgphoto.pl\/t\/index.php?rest_route=\/wp\/v2\/users\/1"}],"replies":[{"embeddable":true,"href":"https:\/\/wgphoto.pl\/t\/index.php?rest_route=%2Fwp%2Fv2%2Fcomments&post=21607"}],"version-history":[{"count":1,"href":"https:\/\/wgphoto.pl\/t\/index.php?rest_route=\/wp\/v2\/posts\/21607\/revisions"}],"predecessor-version":[{"id":21609,"href":"https:\/\/wgphoto.pl\/t\/index.php?rest_route=\/wp\/v2\/posts\/21607\/revisions\/21609"}],"wp:featuredmedia":[{"embeddable":true,"href":"https:\/\/wgphoto.pl\/t\/index.php?rest_route=\/wp\/v2\/media\/21608"}],"wp:attachment":[{"href":"https:\/\/wgphoto.pl\/t\/index.php?rest_route=%2Fwp%2Fv2%2Fmedia&parent=21607"}],"wp:term":[{"taxonomy":"category","embeddable":true,"href":"https:\/\/wgphoto.pl\/t\/index.php?rest_route=%2Fwp%2Fv2%2Fcategories&post=21607"},{"taxonomy":"post_tag","embeddable":true,"href":"https:\/\/wgphoto.pl\/t\/index.php?rest_route=%2Fwp%2Fv2%2Ftags&post=21607"}],"curies":[{"name":"wp","href":"https:\/\/api.w.org\/{rel}","templated":true}]}}