{"id":21621,"date":"2025-08-09T12:46:35","date_gmt":"2025-08-09T10:46:35","guid":{"rendered":"https:\/\/wgphoto.pl\/t\/?p=21621"},"modified":"2025-08-23T17:20:04","modified_gmt":"2025-08-23T15:20:04","slug":"e-412-w-dolinie-adygi","status":"publish","type":"post","link":"https:\/\/wgphoto.pl\/t\/?p=21621","title":{"rendered":"E412 w dolinie Adygi"},"content":{"rendered":"\n<figure class=\"wp-block-image aligncenter size-full\"><img loading=\"lazy\" decoding=\"async\" width=\"1400\" height=\"933\" src=\"https:\/\/wgphoto.pl\/t\/wp-content\/uploads\/2025\/08\/DSCF0009-1.jpg\" alt=\"\" class=\"wp-image-21690\" srcset=\"https:\/\/wgphoto.pl\/t\/wp-content\/uploads\/2025\/08\/DSCF0009-1.jpg 1400w, https:\/\/wgphoto.pl\/t\/wp-content\/uploads\/2025\/08\/DSCF0009-1-300x200.jpg 300w, https:\/\/wgphoto.pl\/t\/wp-content\/uploads\/2025\/08\/DSCF0009-1-768x512.jpg 768w\" sizes=\"auto, (max-width: 1400px) 100vw, 1400px\" \/><\/figure>\n\n\n\n<figure class=\"wp-block-image aligncenter size-full\"><img loading=\"lazy\" decoding=\"async\" width=\"1400\" height=\"929\" src=\"https:\/\/wgphoto.pl\/t\/wp-content\/uploads\/2025\/08\/DSCF0009.jpg\" alt=\"\" class=\"wp-image-21622\" srcset=\"https:\/\/wgphoto.pl\/t\/wp-content\/uploads\/2025\/08\/DSCF0009.jpg 1400w, https:\/\/wgphoto.pl\/t\/wp-content\/uploads\/2025\/08\/DSCF0009-300x199.jpg 300w, https:\/\/wgphoto.pl\/t\/wp-content\/uploads\/2025\/08\/DSCF0009-768x510.jpg 768w\" sizes=\"auto, (max-width: 1400px) 100vw, 1400px\" \/><\/figure>\n\n\n\n<div class=\"wp-block-group has-global-padding is-layout-constrained wp-block-group-is-layout-constrained\">\n<p>Lokomotywa E412 (odpowiednik niedosz\u0142ych EU43) z poci\u0105giem towarowym w kierunku Werony przemierza fotogeniczn\u0105 dolin\u0119 Adygi na odcinku Avio &#8211; Borghetto sull&#8217;Adige. Pora na zdj\u0119cia z tegorocznych wakacji i nowego aparatu. Mam nadziej\u0119, \u017ce nie k\u0142uje to bardzo w oczy (w por\u00f3wnaniu do s\u0105siedniego zdj\u0119cia z Rumunii jednak zauwa\u017cam r\u00f3\u017cnic\u0119 w jako\u015bci obr\u00f3bki&#8230;), gdy\u017c zmiana sprz\u0119tu wymusi\u0142a tak\u017ce zmian\u0119 programu do obr\u00f3bki, a pocz\u0105tki zawsze s\u0105 trudne. EDIT: powy\u017csza uwaga dotyczy\u0142a dolnego zdj\u0119cia, kt\u00f3re jest &#8222;p\u0142askie&#8221;. U g\u00f3ry dorzuci\u0142em drugie, obrobione tak samo jak to robi\u0142em dotychczas (wymaga\u0142o to wspomnianej w komentarzu konwersji RAW na DNG). 18.07.2025<\/p>\n<\/div>\n","protected":false},"excerpt":{"rendered":"<p>Lokomotywa E412 (odpowiednik niedosz\u0142ych EU43) z poci\u0105giem towarowym w kierunku Werony przemierza fotogeniczn\u0105 dolin\u0119 Adygi na odcinku Avio &#8211; Borghetto sull&#8217;Adige. Pora na zdj\u0119cia z tegorocznych wakacji i nowego aparatu. Mam nadziej\u0119, \u017ce nie k\u0142uje to bardzo w oczy (w por\u00f3wnaniu do s\u0105siedniego zdj\u0119cia z Rumunii jednak zauwa\u017cam r\u00f3\u017cnic\u0119 w jako\u015bci obr\u00f3bki&#8230;), gdy\u017c zmiana sprz\u0119tu [&hellip;]<\/p>\n","protected":false},"author":1,"featured_media":21690,"comment_status":"open","ping_status":"","sticky":false,"template":"","format":"standard","meta":{"footnotes":""},"categories":[2,3208],"tags":[4459,4457,4456,4461,4460,112,114,4458,110],"class_list":["post-21621","post","type-post","status-publish","format-standard","has-post-thumbnail","hentry","category-kolej","category-rok-2025","tag-2025-07-18","tag-avio","tag-borghetto-sulladige","tag-brennerbahn","tag-e412","tag-fs","tag-gory","tag-wakacje-2025","tag-wlochy"],"_links":{"self":[{"href":"https:\/\/wgphoto.pl\/t\/index.php?rest_route=\/wp\/v2\/posts\/21621","targetHints":{"allow":["GET"]}}],"collection":[{"href":"https:\/\/wgphoto.pl\/t\/index.php?rest_route=\/wp\/v2\/posts"}],"about":[{"href":"https:\/\/wgphoto.pl\/t\/index.php?rest_route=\/wp\/v2\/types\/post"}],"author":[{"embeddable":true,"href":"https:\/\/wgphoto.pl\/t\/index.php?rest_route=\/wp\/v2\/users\/1"}],"replies":[{"embeddable":true,"href":"https:\/\/wgphoto.pl\/t\/index.php?rest_route=%2Fwp%2Fv2%2Fcomments&post=21621"}],"version-history":[{"count":5,"href":"https:\/\/wgphoto.pl\/t\/index.php?rest_route=\/wp\/v2\/posts\/21621\/revisions"}],"predecessor-version":[{"id":21694,"href":"https:\/\/wgphoto.pl\/t\/index.php?rest_route=\/wp\/v2\/posts\/21621\/revisions\/21694"}],"wp:featuredmedia":[{"embeddable":true,"href":"https:\/\/wgphoto.pl\/t\/index.php?rest_route=\/wp\/v2\/media\/21690"}],"wp:attachment":[{"href":"https:\/\/wgphoto.pl\/t\/index.php?rest_route=%2Fwp%2Fv2%2Fmedia&parent=21621"}],"wp:term":[{"taxonomy":"category","embeddable":true,"href":"https:\/\/wgphoto.pl\/t\/index.php?rest_route=%2Fwp%2Fv2%2Fcategories&post=21621"},{"taxonomy":"post_tag","embeddable":true,"href":"https:\/\/wgphoto.pl\/t\/index.php?rest_route=%2Fwp%2Fv2%2Ftags&post=21621"}],"curies":[{"name":"wp","href":"https:\/\/api.w.org\/{rel}","templated":true}]}}