{"id":21634,"date":"2025-08-14T19:37:50","date_gmt":"2025-08-14T17:37:50","guid":{"rendered":"https:\/\/wgphoto.pl\/t\/?p=21634"},"modified":"2025-08-14T19:37:50","modified_gmt":"2025-08-14T17:37:50","slug":"ta-druga-schillerstrase-i-pol-metrolinii","status":"publish","type":"post","link":"https:\/\/wgphoto.pl\/t\/?p=21634","title":{"rendered":"Ta druga Schillerstra\u00dfe i p\u00f3\u0142 metrolinii"},"content":{"rendered":"\n<figure class=\"wp-block-image aligncenter size-full\"><img loading=\"lazy\" decoding=\"async\" width=\"1400\" height=\"927\" src=\"https:\/\/wgphoto.pl\/t\/wp-content\/uploads\/2025\/08\/IMGP3118.jpg\" alt=\"\" class=\"wp-image-21635\" srcset=\"https:\/\/wgphoto.pl\/t\/wp-content\/uploads\/2025\/08\/IMGP3118.jpg 1400w, https:\/\/wgphoto.pl\/t\/wp-content\/uploads\/2025\/08\/IMGP3118-300x199.jpg 300w, https:\/\/wgphoto.pl\/t\/wp-content\/uploads\/2025\/08\/IMGP3118-768x509.jpg 768w\" sizes=\"auto, (max-width: 1400px) 100vw, 1400px\" \/><\/figure>\n\n\n\n<div class=\"wp-block-group has-global-padding is-layout-constrained wp-block-group-is-layout-constrained\">\n<p>Berlin-Pankow, Schillerstra\u00dfe. Ach to zdublowane nazewnictwo ulic, b\u0119d\u0105ce zapewne pozosta\u0142o\u015bci\u0105 po &#8222;dw\u00f3ch Berlinach&#8221; (Schillerstra\u00dfe jest te\u017c w zachodniej dzielnicy Charlottenburg). GT8-08ZR\/F8Z 9098 jedzie jednotorem w\u015br\u00f3d drzew i bruku, co raczej nie kojarzy si\u0119 z &#8222;metrolini\u0105&#8221; (a takow\u0105 &#8211; M1 &#8211; obs\u0142uguje). Na ko\u0144cowym odcinku M1 rozga\u0142\u0119zia si\u0119 na dwie odnogi, ka\u017cd\u0105 obs\u0142ugiwan\u0105 co kiepskie 20 minut. 14.09.2021<\/p>\n<\/div>\n","protected":false},"excerpt":{"rendered":"<p>Berlin-Pankow, Schillerstra\u00dfe. Ach to zdublowane nazewnictwo ulic, b\u0119d\u0105ce zapewne pozosta\u0142o\u015bci\u0105 po &#8222;dw\u00f3ch Berlinach&#8221; (Schillerstra\u00dfe jest te\u017c w zachodniej dzielnicy Charlottenburg). GT8-08ZR\/F8Z 9098 jedzie jednotorem w\u015br\u00f3d drzew i bruku, co raczej nie kojarzy si\u0119 z &#8222;metrolini\u0105&#8221; (a takow\u0105 &#8211; M1 &#8211; obs\u0142uguje). Na ko\u0144cowym odcinku M1 rozga\u0142\u0119zia si\u0119 na dwie odnogi, ka\u017cd\u0105 obs\u0142ugiwan\u0105 co kiepskie 20 [&hellip;]<\/p>\n","protected":false},"author":1,"featured_media":21635,"comment_status":"open","ping_status":"","sticky":false,"template":"","format":"standard","meta":{"footnotes":""},"categories":[681,3],"tags":[2564,639,1629,1628,23,2202],"class_list":["post-21634","post","type-post","status-publish","format-standard","has-post-thumbnail","hentry","category-rok-2021","category-tramwaj","tag-2021-09-14","tag-berlin","tag-bombardier-flexity-berlin","tag-bvg-berlin","tag-niemcy","tag-niemieckie-wakacje-2021"],"_links":{"self":[{"href":"https:\/\/wgphoto.pl\/t\/index.php?rest_route=\/wp\/v2\/posts\/21634","targetHints":{"allow":["GET"]}}],"collection":[{"href":"https:\/\/wgphoto.pl\/t\/index.php?rest_route=\/wp\/v2\/posts"}],"about":[{"href":"https:\/\/wgphoto.pl\/t\/index.php?rest_route=\/wp\/v2\/types\/post"}],"author":[{"embeddable":true,"href":"https:\/\/wgphoto.pl\/t\/index.php?rest_route=\/wp\/v2\/users\/1"}],"replies":[{"embeddable":true,"href":"https:\/\/wgphoto.pl\/t\/index.php?rest_route=%2Fwp%2Fv2%2Fcomments&post=21634"}],"version-history":[{"count":1,"href":"https:\/\/wgphoto.pl\/t\/index.php?rest_route=\/wp\/v2\/posts\/21634\/revisions"}],"predecessor-version":[{"id":21636,"href":"https:\/\/wgphoto.pl\/t\/index.php?rest_route=\/wp\/v2\/posts\/21634\/revisions\/21636"}],"wp:featuredmedia":[{"embeddable":true,"href":"https:\/\/wgphoto.pl\/t\/index.php?rest_route=\/wp\/v2\/media\/21635"}],"wp:attachment":[{"href":"https:\/\/wgphoto.pl\/t\/index.php?rest_route=%2Fwp%2Fv2%2Fmedia&parent=21634"}],"wp:term":[{"taxonomy":"category","embeddable":true,"href":"https:\/\/wgphoto.pl\/t\/index.php?rest_route=%2Fwp%2Fv2%2Fcategories&post=21634"},{"taxonomy":"post_tag","embeddable":true,"href":"https:\/\/wgphoto.pl\/t\/index.php?rest_route=%2Fwp%2Fv2%2Ftags&post=21634"}],"curies":[{"name":"wp","href":"https:\/\/api.w.org\/{rel}","templated":true}]}}