{"id":21637,"date":"2025-08-14T19:39:17","date_gmt":"2025-08-14T17:39:17","guid":{"rendered":"https:\/\/wgphoto.pl\/t\/?p=21637"},"modified":"2025-08-14T19:39:17","modified_gmt":"2025-08-14T17:39:17","slug":"tramwajem-jednak-szybciej","status":"publish","type":"post","link":"https:\/\/wgphoto.pl\/t\/?p=21637","title":{"rendered":"Tramwajem jednak szybciej"},"content":{"rendered":"\n<figure class=\"wp-block-image aligncenter size-full\"><img loading=\"lazy\" decoding=\"async\" width=\"1400\" height=\"927\" src=\"https:\/\/wgphoto.pl\/t\/wp-content\/uploads\/2025\/08\/IMGP3106.jpg\" alt=\"\" class=\"wp-image-21638\" srcset=\"https:\/\/wgphoto.pl\/t\/wp-content\/uploads\/2025\/08\/IMGP3106.jpg 1400w, https:\/\/wgphoto.pl\/t\/wp-content\/uploads\/2025\/08\/IMGP3106-300x199.jpg 300w, https:\/\/wgphoto.pl\/t\/wp-content\/uploads\/2025\/08\/IMGP3106-768x509.jpg 768w\" sizes=\"auto, (max-width: 1400px) 100vw, 1400px\" \/><\/figure>\n\n\n\n<div class=\"wp-block-group has-global-padding is-layout-constrained wp-block-group-is-layout-constrained\">\n<p>Berlin, Friedrich-Engels-Stra\u00dfe. Wagon 9039 jedzie w kierunku p\u0119tli Rosenthal Nord wzd\u0142u\u017c ulicy, jakiej nie powstydzi\u0142oby si\u0119 niejedno miasto z zachodniej Polski, tyle \u017ce w Polsce nie postawiono by ograniczenia pr\u0119dko\u015bci do 10 km\/h. \ud83d\ude42 Odnoga do Rosenthal Nord stanowi drug\u0105 po\u0142\u00f3wk\u0119 linii M1 z poprzedniego zdj\u0119cia. 14.09.2021<\/p>\n<\/div>\n","protected":false},"excerpt":{"rendered":"<p>Berlin, Friedrich-Engels-Stra\u00dfe. Wagon 9039 jedzie w kierunku p\u0119tli Rosenthal Nord wzd\u0142u\u017c ulicy, jakiej nie powstydzi\u0142oby si\u0119 niejedno miasto z zachodniej Polski, tyle \u017ce w Polsce nie postawiono by ograniczenia pr\u0119dko\u015bci do 10 km\/h. \ud83d\ude42 Odnoga do Rosenthal Nord stanowi drug\u0105 po\u0142\u00f3wk\u0119 linii M1 z poprzedniego zdj\u0119cia. 14.09.2021<\/p>\n","protected":false},"author":1,"featured_media":21638,"comment_status":"open","ping_status":"","sticky":false,"template":"","format":"standard","meta":{"footnotes":""},"categories":[681,3],"tags":[2564,639,1629,1628,173,23,2202],"class_list":["post-21637","post","type-post","status-publish","format-standard","has-post-thumbnail","hentry","category-rok-2021","category-tramwaj","tag-2021-09-14","tag-berlin","tag-bombardier-flexity-berlin","tag-bvg-berlin","tag-koncowki","tag-niemcy","tag-niemieckie-wakacje-2021"],"_links":{"self":[{"href":"https:\/\/wgphoto.pl\/t\/index.php?rest_route=\/wp\/v2\/posts\/21637","targetHints":{"allow":["GET"]}}],"collection":[{"href":"https:\/\/wgphoto.pl\/t\/index.php?rest_route=\/wp\/v2\/posts"}],"about":[{"href":"https:\/\/wgphoto.pl\/t\/index.php?rest_route=\/wp\/v2\/types\/post"}],"author":[{"embeddable":true,"href":"https:\/\/wgphoto.pl\/t\/index.php?rest_route=\/wp\/v2\/users\/1"}],"replies":[{"embeddable":true,"href":"https:\/\/wgphoto.pl\/t\/index.php?rest_route=%2Fwp%2Fv2%2Fcomments&post=21637"}],"version-history":[{"count":1,"href":"https:\/\/wgphoto.pl\/t\/index.php?rest_route=\/wp\/v2\/posts\/21637\/revisions"}],"predecessor-version":[{"id":21639,"href":"https:\/\/wgphoto.pl\/t\/index.php?rest_route=\/wp\/v2\/posts\/21637\/revisions\/21639"}],"wp:featuredmedia":[{"embeddable":true,"href":"https:\/\/wgphoto.pl\/t\/index.php?rest_route=\/wp\/v2\/media\/21638"}],"wp:attachment":[{"href":"https:\/\/wgphoto.pl\/t\/index.php?rest_route=%2Fwp%2Fv2%2Fmedia&parent=21637"}],"wp:term":[{"taxonomy":"category","embeddable":true,"href":"https:\/\/wgphoto.pl\/t\/index.php?rest_route=%2Fwp%2Fv2%2Fcategories&post=21637"},{"taxonomy":"post_tag","embeddable":true,"href":"https:\/\/wgphoto.pl\/t\/index.php?rest_route=%2Fwp%2Fv2%2Ftags&post=21637"}],"curies":[{"name":"wp","href":"https:\/\/api.w.org\/{rel}","templated":true}]}}