{"id":21640,"date":"2025-08-14T19:43:57","date_gmt":"2025-08-14T17:43:57","guid":{"rendered":"https:\/\/wgphoto.pl\/t\/?p=21640"},"modified":"2025-08-14T19:44:39","modified_gmt":"2025-08-14T17:44:39","slug":"su42-530-szczytna","status":"publish","type":"post","link":"https:\/\/wgphoto.pl\/t\/?p=21640","title":{"rendered":"SU42-530, Szczytna"},"content":{"rendered":"\n<figure class=\"wp-block-image aligncenter size-full\"><img loading=\"lazy\" decoding=\"async\" width=\"1400\" height=\"927\" src=\"https:\/\/wgphoto.pl\/t\/wp-content\/uploads\/2025\/08\/0521-22_rsn.jpg\" alt=\"\" class=\"wp-image-21641\" srcset=\"https:\/\/wgphoto.pl\/t\/wp-content\/uploads\/2025\/08\/0521-22_rsn.jpg 1400w, https:\/\/wgphoto.pl\/t\/wp-content\/uploads\/2025\/08\/0521-22_rsn-300x199.jpg 300w, https:\/\/wgphoto.pl\/t\/wp-content\/uploads\/2025\/08\/0521-22_rsn-768x509.jpg 768w\" sizes=\"auto, (max-width: 1400px) 100vw, 1400px\" \/><\/figure>\n\n\n\n<div class=\"wp-block-group has-global-padding is-layout-constrained wp-block-group-is-layout-constrained\">\n<p>SU42-530 z poci\u0105giem przyspieszonym 76123 &#8222;Szklarka&#8221; relacji Pozna\u0144 G\u0142. &#8211; Kudowa-Zdr\u00f3j zatrzymuje si\u0119 w Szczytnej. 17.08.2005<\/p>\n<\/div>\n","protected":false},"excerpt":{"rendered":"<p>SU42-530 z poci\u0105giem przyspieszonym 76123 &#8222;Szklarka&#8221; relacji Pozna\u0144 G\u0142. &#8211; Kudowa-Zdr\u00f3j zatrzymuje si\u0119 w Szczytnej. 17.08.2005<\/p>\n","protected":false},"author":1,"featured_media":21641,"comment_status":"open","ping_status":"","sticky":false,"template":"","format":"standard","meta":{"footnotes":""},"categories":[62,2,311],"tags":[1965,63,27,250,2207,383],"class_list":["post-21640","post","type-post","status-publish","format-standard","has-post-thumbnail","hentry","category-analog","category-kolej","category-rok-2005","tag-2005-08-17","tag-pkp","tag-polska","tag-su42","tag-szczytna","tag-tab-pl230"],"_links":{"self":[{"href":"https:\/\/wgphoto.pl\/t\/index.php?rest_route=\/wp\/v2\/posts\/21640","targetHints":{"allow":["GET"]}}],"collection":[{"href":"https:\/\/wgphoto.pl\/t\/index.php?rest_route=\/wp\/v2\/posts"}],"about":[{"href":"https:\/\/wgphoto.pl\/t\/index.php?rest_route=\/wp\/v2\/types\/post"}],"author":[{"embeddable":true,"href":"https:\/\/wgphoto.pl\/t\/index.php?rest_route=\/wp\/v2\/users\/1"}],"replies":[{"embeddable":true,"href":"https:\/\/wgphoto.pl\/t\/index.php?rest_route=%2Fwp%2Fv2%2Fcomments&post=21640"}],"version-history":[{"count":2,"href":"https:\/\/wgphoto.pl\/t\/index.php?rest_route=\/wp\/v2\/posts\/21640\/revisions"}],"predecessor-version":[{"id":21643,"href":"https:\/\/wgphoto.pl\/t\/index.php?rest_route=\/wp\/v2\/posts\/21640\/revisions\/21643"}],"wp:featuredmedia":[{"embeddable":true,"href":"https:\/\/wgphoto.pl\/t\/index.php?rest_route=\/wp\/v2\/media\/21641"}],"wp:attachment":[{"href":"https:\/\/wgphoto.pl\/t\/index.php?rest_route=%2Fwp%2Fv2%2Fmedia&parent=21640"}],"wp:term":[{"taxonomy":"category","embeddable":true,"href":"https:\/\/wgphoto.pl\/t\/index.php?rest_route=%2Fwp%2Fv2%2Fcategories&post=21640"},{"taxonomy":"post_tag","embeddable":true,"href":"https:\/\/wgphoto.pl\/t\/index.php?rest_route=%2Fwp%2Fv2%2Ftags&post=21640"}],"curies":[{"name":"wp","href":"https:\/\/api.w.org\/{rel}","templated":true}]}}