{"id":21647,"date":"2025-08-16T09:11:41","date_gmt":"2025-08-16T07:11:41","guid":{"rendered":"https:\/\/wgphoto.pl\/t\/?p=21647"},"modified":"2025-08-16T09:11:41","modified_gmt":"2025-08-16T07:11:41","slug":"jeszcze-raz-vamberk","status":"publish","type":"post","link":"https:\/\/wgphoto.pl\/t\/?p=21647","title":{"rendered":"Jeszcze raz Vamberk"},"content":{"rendered":"\n<figure class=\"wp-block-image aligncenter size-full\"><img loading=\"lazy\" decoding=\"async\" width=\"1200\" height=\"900\" src=\"https:\/\/wgphoto.pl\/t\/wp-content\/uploads\/2025\/08\/DSCF7342.jpg\" alt=\"\" class=\"wp-image-21648\" srcset=\"https:\/\/wgphoto.pl\/t\/wp-content\/uploads\/2025\/08\/DSCF7342.jpg 1200w, https:\/\/wgphoto.pl\/t\/wp-content\/uploads\/2025\/08\/DSCF7342-300x225.jpg 300w, https:\/\/wgphoto.pl\/t\/wp-content\/uploads\/2025\/08\/DSCF7342-768x576.jpg 768w\" sizes=\"auto, (max-width: 1200px) 100vw, 1200px\" \/><\/figure>\n\n\n\n<div class=\"wp-block-group has-global-padding is-layout-constrained wp-block-group-is-layout-constrained\">\n<p>810.629 jako poci\u0105g osobowy 25238 z Doudleb nad Orlic\u00ed do Rokytnice v Orlick\u00fdch hor\u00e1ch podczas planowego, 21-minutowego postoju w Vamberku. 13.08.2008<\/p>\n<\/div>\n","protected":false},"excerpt":{"rendered":"<p>810.629 jako poci\u0105g osobowy 25238 z Doudleb nad Orlic\u00ed do Rokytnice v Orlick\u00fdch hor\u00e1ch podczas planowego, 21-minutowego postoju w Vamberku. 13.08.2008<\/p>\n","protected":false},"author":1,"featured_media":21648,"comment_status":"open","ping_status":"","sticky":false,"template":"","format":"standard","meta":{"footnotes":""},"categories":[2,120],"tags":[197,92,50,49,196,162,690,195],"class_list":["post-21647","post","type-post","status-publish","format-standard","has-post-thumbnail","hentry","category-kolej","category-rok-2008","tag-2008-08-13","tag-92","tag-cd","tag-czechy","tag-linie-raczej-lokalne","tag-niebo","tag-tab-cz023","tag-vamberk"],"_links":{"self":[{"href":"https:\/\/wgphoto.pl\/t\/index.php?rest_route=\/wp\/v2\/posts\/21647","targetHints":{"allow":["GET"]}}],"collection":[{"href":"https:\/\/wgphoto.pl\/t\/index.php?rest_route=\/wp\/v2\/posts"}],"about":[{"href":"https:\/\/wgphoto.pl\/t\/index.php?rest_route=\/wp\/v2\/types\/post"}],"author":[{"embeddable":true,"href":"https:\/\/wgphoto.pl\/t\/index.php?rest_route=\/wp\/v2\/users\/1"}],"replies":[{"embeddable":true,"href":"https:\/\/wgphoto.pl\/t\/index.php?rest_route=%2Fwp%2Fv2%2Fcomments&post=21647"}],"version-history":[{"count":1,"href":"https:\/\/wgphoto.pl\/t\/index.php?rest_route=\/wp\/v2\/posts\/21647\/revisions"}],"predecessor-version":[{"id":21649,"href":"https:\/\/wgphoto.pl\/t\/index.php?rest_route=\/wp\/v2\/posts\/21647\/revisions\/21649"}],"wp:featuredmedia":[{"embeddable":true,"href":"https:\/\/wgphoto.pl\/t\/index.php?rest_route=\/wp\/v2\/media\/21648"}],"wp:attachment":[{"href":"https:\/\/wgphoto.pl\/t\/index.php?rest_route=%2Fwp%2Fv2%2Fmedia&parent=21647"}],"wp:term":[{"taxonomy":"category","embeddable":true,"href":"https:\/\/wgphoto.pl\/t\/index.php?rest_route=%2Fwp%2Fv2%2Fcategories&post=21647"},{"taxonomy":"post_tag","embeddable":true,"href":"https:\/\/wgphoto.pl\/t\/index.php?rest_route=%2Fwp%2Fv2%2Ftags&post=21647"}],"curies":[{"name":"wp","href":"https:\/\/api.w.org\/{rel}","templated":true}]}}