{"id":21653,"date":"2025-08-23T16:36:45","date_gmt":"2025-08-23T14:36:45","guid":{"rendered":"https:\/\/wgphoto.pl\/t\/?p=21653"},"modified":"2025-08-23T16:36:45","modified_gmt":"2025-08-23T14:36:45","slug":"best-way-to-stay","status":"publish","type":"post","link":"https:\/\/wgphoto.pl\/t\/?p=21653","title":{"rendered":"Best way to stay"},"content":{"rendered":"\n<figure class=\"wp-block-image aligncenter size-full\"><img loading=\"lazy\" decoding=\"async\" width=\"1400\" height=\"927\" src=\"https:\/\/wgphoto.pl\/t\/wp-content\/uploads\/2025\/08\/IMGP4076.jpg\" alt=\"\" class=\"wp-image-21654\" srcset=\"https:\/\/wgphoto.pl\/t\/wp-content\/uploads\/2025\/08\/IMGP4076.jpg 1400w, https:\/\/wgphoto.pl\/t\/wp-content\/uploads\/2025\/08\/IMGP4076-300x199.jpg 300w, https:\/\/wgphoto.pl\/t\/wp-content\/uploads\/2025\/08\/IMGP4076-768x509.jpg 768w\" sizes=\"auto, (max-width: 1400px) 100vw, 1400px\" \/><\/figure>\n\n\n\n<div class=\"wp-block-group has-global-padding is-layout-constrained wp-block-group-is-layout-constrained\">\n<p>Jednostka 442.313 nocuje przy czo\u0142owych peronach Dresden Hbf. W nawi\u0105zaniu do tytu\u0142owego tekstu z reklamy w kadrze, moim sposobem na nocny pobyt w Dre\u017anie by\u0142a przesiadka z jakiego\u015b p\u00f3\u017anego IC, kt\u00f3rym przyjecha\u0142em z Naumburga, na Flixa do Polski z odjazdem o 2 w nocy. Wyja\u015bni\u0119 r\u00f3wnie\u017c, \u017ce ma\u0142a dynamika nowych wrzutek na stron\u0119 wynika z tego, \u017ce przenoszenie starego archiwum ju\u017c si\u0119 zako\u0144czy\u0142o. Sukces nie jest pe\u0142en, bo kilka procent obrobionych dawniej zdj\u0119\u0107 zagin\u0119\u0142o w akcji, ale opisy do nich mam, wi\u0119c je\u015bli uznam je za warte uwagi, pewnie kiedy\u015b je obrobi\u0119 na nowo. 18.09.2021<\/p>\n<\/div>\n","protected":false},"excerpt":{"rendered":"<p>Jednostka 442.313 nocuje przy czo\u0142owych peronach Dresden Hbf. W nawi\u0105zaniu do tytu\u0142owego tekstu z reklamy w kadrze, moim sposobem na nocny pobyt w Dre\u017anie by\u0142a przesiadka z jakiego\u015b p\u00f3\u017anego IC, kt\u00f3rym przyjecha\u0142em z Naumburga, na Flixa do Polski z odjazdem o 2 w nocy. Wyja\u015bni\u0119 r\u00f3wnie\u017c, \u017ce ma\u0142a dynamika nowych wrzutek na stron\u0119 wynika z [&hellip;]<\/p>\n","protected":false},"author":1,"featured_media":21654,"comment_status":"open","ping_status":"","sticky":false,"template":"","format":"standard","meta":{"footnotes":""},"categories":[2,681],"tags":[2527,4039,206,857,851,179,173,23,2202],"class_list":["post-21653","post","type-post","status-publish","format-standard","has-post-thumbnail","hentry","category-kolej","category-rok-2021","tag-2021-09-18","tag-bombardier-talent-2","tag-db","tag-dresden-hauptbahnhof","tag-drezno","tag-hala-peronowa","tag-koncowki","tag-niemcy","tag-niemieckie-wakacje-2021"],"_links":{"self":[{"href":"https:\/\/wgphoto.pl\/t\/index.php?rest_route=\/wp\/v2\/posts\/21653","targetHints":{"allow":["GET"]}}],"collection":[{"href":"https:\/\/wgphoto.pl\/t\/index.php?rest_route=\/wp\/v2\/posts"}],"about":[{"href":"https:\/\/wgphoto.pl\/t\/index.php?rest_route=\/wp\/v2\/types\/post"}],"author":[{"embeddable":true,"href":"https:\/\/wgphoto.pl\/t\/index.php?rest_route=\/wp\/v2\/users\/1"}],"replies":[{"embeddable":true,"href":"https:\/\/wgphoto.pl\/t\/index.php?rest_route=%2Fwp%2Fv2%2Fcomments&post=21653"}],"version-history":[{"count":1,"href":"https:\/\/wgphoto.pl\/t\/index.php?rest_route=\/wp\/v2\/posts\/21653\/revisions"}],"predecessor-version":[{"id":21655,"href":"https:\/\/wgphoto.pl\/t\/index.php?rest_route=\/wp\/v2\/posts\/21653\/revisions\/21655"}],"wp:featuredmedia":[{"embeddable":true,"href":"https:\/\/wgphoto.pl\/t\/index.php?rest_route=\/wp\/v2\/media\/21654"}],"wp:attachment":[{"href":"https:\/\/wgphoto.pl\/t\/index.php?rest_route=%2Fwp%2Fv2%2Fmedia&parent=21653"}],"wp:term":[{"taxonomy":"category","embeddable":true,"href":"https:\/\/wgphoto.pl\/t\/index.php?rest_route=%2Fwp%2Fv2%2Fcategories&post=21653"},{"taxonomy":"post_tag","embeddable":true,"href":"https:\/\/wgphoto.pl\/t\/index.php?rest_route=%2Fwp%2Fv2%2Ftags&post=21653"}],"curies":[{"name":"wp","href":"https:\/\/api.w.org\/{rel}","templated":true}]}}