{"id":21659,"date":"2025-08-23T16:38:37","date_gmt":"2025-08-23T14:38:37","guid":{"rendered":"https:\/\/wgphoto.pl\/t\/?p=21659"},"modified":"2025-08-23T16:38:37","modified_gmt":"2025-08-23T14:38:37","slug":"berlin-alexanderplatz","status":"publish","type":"post","link":"https:\/\/wgphoto.pl\/t\/?p=21659","title":{"rendered":"Berlin Alexanderplatz"},"content":{"rendered":"\n<figure class=\"wp-block-image aligncenter size-full\"><img loading=\"lazy\" decoding=\"async\" width=\"1400\" height=\"927\" src=\"https:\/\/wgphoto.pl\/t\/wp-content\/uploads\/2025\/08\/IMGP3097.jpg\" alt=\"\" class=\"wp-image-21660\" srcset=\"https:\/\/wgphoto.pl\/t\/wp-content\/uploads\/2025\/08\/IMGP3097.jpg 1400w, https:\/\/wgphoto.pl\/t\/wp-content\/uploads\/2025\/08\/IMGP3097-300x199.jpg 300w, https:\/\/wgphoto.pl\/t\/wp-content\/uploads\/2025\/08\/IMGP3097-768x509.jpg 768w\" sizes=\"auto, (max-width: 1400px) 100vw, 1400px\" \/><\/figure>\n\n\n\n<div class=\"wp-block-group has-global-padding is-layout-constrained wp-block-group-is-layout-constrained\">\n<p>182.008 z RE1 z Frankfurtu nad Odr\u0105 do Magdeburga podczas zatrzyma\u0142 si\u0119 na przystanku Berlin Alexanderplatz. Zawsze podoba\u0142y mi si\u0119 te niewielkie hale peronowe na berli\u0144skiej \u015brednicy, dodaj\u0105ce przystankom wielkomiejsko\u015bci. Ta ze zdj\u0119cia jest jednonawowa i mie\u015bci 4 tory, dwa u\u017cywane przez &#8222;normalne&#8221; poci\u0105gi oraz dwa dla S-bahnu, zelektryfikowane za pomoc\u0105 trzeciej szyny. 14.09.2021<\/p>\n<\/div>\n","protected":false},"excerpt":{"rendered":"<p>182.008 z RE1 z Frankfurtu nad Odr\u0105 do Magdeburga podczas zatrzyma\u0142 si\u0119 na przystanku Berlin Alexanderplatz. Zawsze podoba\u0142y mi si\u0119 te niewielkie hale peronowe na berli\u0144skiej \u015brednicy, dodaj\u0105ce przystankom wielkomiejsko\u015bci. Ta ze zdj\u0119cia jest jednonawowa i mie\u015bci 4 tory, dwa u\u017cywane przez &#8222;normalne&#8221; poci\u0105gi oraz dwa dla S-bahnu, zelektryfikowane za pomoc\u0105 trzeciej szyny. 14.09.2021<\/p>\n","protected":false},"author":1,"featured_media":21660,"comment_status":"open","ping_status":"","sticky":false,"template":"","format":"standard","meta":{"footnotes":""},"categories":[2,681],"tags":[2693,2564,639,4467,206,179,23,119],"class_list":["post-21659","post","type-post","status-publish","format-standard","has-post-thumbnail","hentry","category-kolej","category-rok-2021","tag-2693","tag-2021-09-14","tag-berlin","tag-berlin-alexanderplatz","tag-db","tag-hala-peronowa","tag-niemcy","tag-siemens-taurus"],"_links":{"self":[{"href":"https:\/\/wgphoto.pl\/t\/index.php?rest_route=\/wp\/v2\/posts\/21659","targetHints":{"allow":["GET"]}}],"collection":[{"href":"https:\/\/wgphoto.pl\/t\/index.php?rest_route=\/wp\/v2\/posts"}],"about":[{"href":"https:\/\/wgphoto.pl\/t\/index.php?rest_route=\/wp\/v2\/types\/post"}],"author":[{"embeddable":true,"href":"https:\/\/wgphoto.pl\/t\/index.php?rest_route=\/wp\/v2\/users\/1"}],"replies":[{"embeddable":true,"href":"https:\/\/wgphoto.pl\/t\/index.php?rest_route=%2Fwp%2Fv2%2Fcomments&post=21659"}],"version-history":[{"count":1,"href":"https:\/\/wgphoto.pl\/t\/index.php?rest_route=\/wp\/v2\/posts\/21659\/revisions"}],"predecessor-version":[{"id":21661,"href":"https:\/\/wgphoto.pl\/t\/index.php?rest_route=\/wp\/v2\/posts\/21659\/revisions\/21661"}],"wp:featuredmedia":[{"embeddable":true,"href":"https:\/\/wgphoto.pl\/t\/index.php?rest_route=\/wp\/v2\/media\/21660"}],"wp:attachment":[{"href":"https:\/\/wgphoto.pl\/t\/index.php?rest_route=%2Fwp%2Fv2%2Fmedia&parent=21659"}],"wp:term":[{"taxonomy":"category","embeddable":true,"href":"https:\/\/wgphoto.pl\/t\/index.php?rest_route=%2Fwp%2Fv2%2Fcategories&post=21659"},{"taxonomy":"post_tag","embeddable":true,"href":"https:\/\/wgphoto.pl\/t\/index.php?rest_route=%2Fwp%2Fv2%2Ftags&post=21659"}],"curies":[{"name":"wp","href":"https:\/\/api.w.org\/{rel}","templated":true}]}}