{"id":21662,"date":"2025-08-23T16:39:40","date_gmt":"2025-08-23T14:39:40","guid":{"rendered":"https:\/\/wgphoto.pl\/t\/?p=21662"},"modified":"2025-08-23T16:39:40","modified_gmt":"2025-08-23T14:39:40","slug":"berlin-friedrichstrase","status":"publish","type":"post","link":"https:\/\/wgphoto.pl\/t\/?p=21662","title":{"rendered":"Berlin Friedrichstra\u00dfe"},"content":{"rendered":"\n<figure class=\"wp-block-image aligncenter size-full\"><img loading=\"lazy\" decoding=\"async\" width=\"1400\" height=\"927\" src=\"https:\/\/wgphoto.pl\/t\/wp-content\/uploads\/2025\/08\/IMGP3246.jpg\" alt=\"\" class=\"wp-image-21663\" srcset=\"https:\/\/wgphoto.pl\/t\/wp-content\/uploads\/2025\/08\/IMGP3246.jpg 1400w, https:\/\/wgphoto.pl\/t\/wp-content\/uploads\/2025\/08\/IMGP3246-300x199.jpg 300w, https:\/\/wgphoto.pl\/t\/wp-content\/uploads\/2025\/08\/IMGP3246-768x509.jpg 768w\" sizes=\"auto, (max-width: 1400px) 100vw, 1400px\" \/><\/figure>\n\n\n\n<div class=\"wp-block-group has-global-padding is-layout-constrained wp-block-group-is-layout-constrained\">\n<p>182.015 z RE1 z Frankfurtu nad Odr\u0105 do Magdeburga zatrzyma si\u0119 zaraz na stacji Berlin Friedrichstra\u00dfe. Tutaj znalaz\u0142o si\u0119 miejsce dla dw\u00f3ch dodatkowych tor\u00f3w dla ruchu dalekobie\u017cnego. 15.09.2021<\/p>\n<\/div>\n","protected":false},"excerpt":{"rendered":"<p>182.015 z RE1 z Frankfurtu nad Odr\u0105 do Magdeburga zatrzyma si\u0119 zaraz na stacji Berlin Friedrichstra\u00dfe. Tutaj znalaz\u0142o si\u0119 miejsce dla dw\u00f3ch dodatkowych tor\u00f3w dla ruchu dalekobie\u017cnego. 15.09.2021<\/p>\n","protected":false},"author":1,"featured_media":21663,"comment_status":"open","ping_status":"","sticky":false,"template":"","format":"standard","meta":{"footnotes":""},"categories":[2,681],"tags":[2693,2579,639,4468,206,179,23,119],"class_list":["post-21662","post","type-post","status-publish","format-standard","has-post-thumbnail","hentry","category-kolej","category-rok-2021","tag-2693","tag-2021-09-15","tag-berlin","tag-berlin-friedrichstrase","tag-db","tag-hala-peronowa","tag-niemcy","tag-siemens-taurus"],"_links":{"self":[{"href":"https:\/\/wgphoto.pl\/t\/index.php?rest_route=\/wp\/v2\/posts\/21662","targetHints":{"allow":["GET"]}}],"collection":[{"href":"https:\/\/wgphoto.pl\/t\/index.php?rest_route=\/wp\/v2\/posts"}],"about":[{"href":"https:\/\/wgphoto.pl\/t\/index.php?rest_route=\/wp\/v2\/types\/post"}],"author":[{"embeddable":true,"href":"https:\/\/wgphoto.pl\/t\/index.php?rest_route=\/wp\/v2\/users\/1"}],"replies":[{"embeddable":true,"href":"https:\/\/wgphoto.pl\/t\/index.php?rest_route=%2Fwp%2Fv2%2Fcomments&post=21662"}],"version-history":[{"count":1,"href":"https:\/\/wgphoto.pl\/t\/index.php?rest_route=\/wp\/v2\/posts\/21662\/revisions"}],"predecessor-version":[{"id":21664,"href":"https:\/\/wgphoto.pl\/t\/index.php?rest_route=\/wp\/v2\/posts\/21662\/revisions\/21664"}],"wp:featuredmedia":[{"embeddable":true,"href":"https:\/\/wgphoto.pl\/t\/index.php?rest_route=\/wp\/v2\/media\/21663"}],"wp:attachment":[{"href":"https:\/\/wgphoto.pl\/t\/index.php?rest_route=%2Fwp%2Fv2%2Fmedia&parent=21662"}],"wp:term":[{"taxonomy":"category","embeddable":true,"href":"https:\/\/wgphoto.pl\/t\/index.php?rest_route=%2Fwp%2Fv2%2Fcategories&post=21662"},{"taxonomy":"post_tag","embeddable":true,"href":"https:\/\/wgphoto.pl\/t\/index.php?rest_route=%2Fwp%2Fv2%2Ftags&post=21662"}],"curies":[{"name":"wp","href":"https:\/\/api.w.org\/{rel}","templated":true}]}}