{"id":21665,"date":"2025-08-23T16:40:47","date_gmt":"2025-08-23T14:40:47","guid":{"rendered":"https:\/\/wgphoto.pl\/t\/?p=21665"},"modified":"2025-08-23T16:40:47","modified_gmt":"2025-08-23T14:40:47","slug":"nadodrze-22-lata-wstecz","status":"publish","type":"post","link":"https:\/\/wgphoto.pl\/t\/?p=21665","title":{"rendered":"Nadodrze 22 lata wstecz"},"content":{"rendered":"\n<figure class=\"wp-block-image aligncenter size-full\"><img loading=\"lazy\" decoding=\"async\" width=\"1400\" height=\"927\" src=\"https:\/\/wgphoto.pl\/t\/wp-content\/uploads\/2025\/08\/0331-23_rsn.jpg\" alt=\"\" class=\"wp-image-21666\" srcset=\"https:\/\/wgphoto.pl\/t\/wp-content\/uploads\/2025\/08\/0331-23_rsn.jpg 1400w, https:\/\/wgphoto.pl\/t\/wp-content\/uploads\/2025\/08\/0331-23_rsn-300x199.jpg 300w, https:\/\/wgphoto.pl\/t\/wp-content\/uploads\/2025\/08\/0331-23_rsn-768x509.jpg 768w\" sizes=\"auto, (max-width: 1400px) 100vw, 1400px\" \/><\/figure>\n\n\n\n<div class=\"wp-block-group has-global-padding is-layout-constrained wp-block-group-is-layout-constrained\">\n<p>Wroc\u0142aw, ul. Trzebnicka. 105Na 2274+2275 skr\u0119ca na pl. Powsta\u0144c\u00f3w Wielkopolskich. Wtedy nie by\u0142o tutaj \u015bwiate\u0142 i tym samym blokowania tramwaj\u00f3w przez taks\u00f3wki jad\u0105ce nielegalnie buspasem, w\u00f3wczas zreszt\u0105 niewydzielonym. Nie by\u0142o tak\u017ce \u0142uku dla przeciwnego kierunku (zbudowanego przez Niemca i p\u00f3\u017anej wyci\u0119tego). Po prawej mo\u017cna podziwia\u0107 auta wystawione na sprzeda\u017c w komisie. 23.08.2003<\/p>\n<\/div>\n","protected":false},"excerpt":{"rendered":"<p>Wroc\u0142aw, ul. Trzebnicka. 105Na 2274+2275 skr\u0119ca na pl. Powsta\u0144c\u00f3w Wielkopolskich. Wtedy nie by\u0142o tutaj \u015bwiate\u0142 i tym samym blokowania tramwaj\u00f3w przez taks\u00f3wki jad\u0105ce nielegalnie buspasem, w\u00f3wczas zreszt\u0105 niewydzielonym. Nie by\u0142o tak\u017ce \u0142uku dla przeciwnego kierunku (zbudowanego przez Niemca i p\u00f3\u017anej wyci\u0119tego). Po prawej mo\u017cna podziwia\u0107 auta wystawione na sprzeda\u017c w komisie. 23.08.2003<\/p>\n","protected":false},"author":1,"featured_media":21666,"comment_status":"open","ping_status":"","sticky":false,"template":"","format":"standard","meta":{"footnotes":""},"categories":[62,149,3],"tags":[155,4221,42,27,41],"class_list":["post-21665","post","type-post","status-publish","format-standard","has-post-thumbnail","hentry","category-analog","category-rok-2003","category-tramwaj","tag-105na","tag-2003-08-23","tag-mpk-wroclaw","tag-polska","tag-wroclaw"],"_links":{"self":[{"href":"https:\/\/wgphoto.pl\/t\/index.php?rest_route=\/wp\/v2\/posts\/21665","targetHints":{"allow":["GET"]}}],"collection":[{"href":"https:\/\/wgphoto.pl\/t\/index.php?rest_route=\/wp\/v2\/posts"}],"about":[{"href":"https:\/\/wgphoto.pl\/t\/index.php?rest_route=\/wp\/v2\/types\/post"}],"author":[{"embeddable":true,"href":"https:\/\/wgphoto.pl\/t\/index.php?rest_route=\/wp\/v2\/users\/1"}],"replies":[{"embeddable":true,"href":"https:\/\/wgphoto.pl\/t\/index.php?rest_route=%2Fwp%2Fv2%2Fcomments&post=21665"}],"version-history":[{"count":1,"href":"https:\/\/wgphoto.pl\/t\/index.php?rest_route=\/wp\/v2\/posts\/21665\/revisions"}],"predecessor-version":[{"id":21667,"href":"https:\/\/wgphoto.pl\/t\/index.php?rest_route=\/wp\/v2\/posts\/21665\/revisions\/21667"}],"wp:featuredmedia":[{"embeddable":true,"href":"https:\/\/wgphoto.pl\/t\/index.php?rest_route=\/wp\/v2\/media\/21666"}],"wp:attachment":[{"href":"https:\/\/wgphoto.pl\/t\/index.php?rest_route=%2Fwp%2Fv2%2Fmedia&parent=21665"}],"wp:term":[{"taxonomy":"category","embeddable":true,"href":"https:\/\/wgphoto.pl\/t\/index.php?rest_route=%2Fwp%2Fv2%2Fcategories&post=21665"},{"taxonomy":"post_tag","embeddable":true,"href":"https:\/\/wgphoto.pl\/t\/index.php?rest_route=%2Fwp%2Fv2%2Ftags&post=21665"}],"curies":[{"name":"wp","href":"https:\/\/api.w.org\/{rel}","templated":true}]}}