{"id":21674,"date":"2025-08-23T16:44:21","date_gmt":"2025-08-23T14:44:21","guid":{"rendered":"https:\/\/wgphoto.pl\/t\/?p=21674"},"modified":"2025-08-23T16:44:21","modified_gmt":"2025-08-23T14:44:21","slug":"102n-2110-na-krzykach","status":"publish","type":"post","link":"https:\/\/wgphoto.pl\/t\/?p=21674","title":{"rendered":"102N 2110 na Krzykach"},"content":{"rendered":"\n<figure class=\"wp-block-image aligncenter size-full\"><img loading=\"lazy\" decoding=\"async\" width=\"1400\" height=\"927\" src=\"https:\/\/wgphoto.pl\/t\/wp-content\/uploads\/2025\/08\/0331-24_rsn.jpg\" alt=\"\" class=\"wp-image-21675\" srcset=\"https:\/\/wgphoto.pl\/t\/wp-content\/uploads\/2025\/08\/0331-24_rsn.jpg 1400w, https:\/\/wgphoto.pl\/t\/wp-content\/uploads\/2025\/08\/0331-24_rsn-300x199.jpg 300w, https:\/\/wgphoto.pl\/t\/wp-content\/uploads\/2025\/08\/0331-24_rsn-768x509.jpg 768w\" sizes=\"auto, (max-width: 1400px) 100vw, 1400px\" \/><\/figure>\n\n\n\n<div class=\"wp-block-group has-global-padding is-layout-constrained wp-block-group-is-layout-constrained\">\n<p>W nocy 23\/24 sierpnia 2003 roku odby\u0142 si\u0119 przejazd po\u017cegnalny z okazji likwidacji nocnych tramwaj\u00f3w, kt\u00f3re przesta\u0142y kursowa\u0107 tydzie\u0144 p\u00f3\u017aniej, w wyniku reorganizacji siatki nocnych po\u0142\u0105cze\u0144. Na zdj\u0119ciu wagon 102N 2110 pozuje na pierwszym fotostopie po wyje\u017adzie z zajezdni &#8211; na p\u0119tli Krzyki. Jest ju\u017c tu par\u0119 zdj\u0119\u0107 z tego przejazdu specjalnego, mo\u017cna je znale\u017a\u0107 po tagu daty z tego i kolejnego dnia. 23.08.2003<\/p>\n<\/div>\n","protected":false},"excerpt":{"rendered":"<p>W nocy 23\/24 sierpnia 2003 roku odby\u0142 si\u0119 przejazd po\u017cegnalny z okazji likwidacji nocnych tramwaj\u00f3w, kt\u00f3re przesta\u0142y kursowa\u0107 tydzie\u0144 p\u00f3\u017aniej, w wyniku reorganizacji siatki nocnych po\u0142\u0105cze\u0144. Na zdj\u0119ciu wagon 102N 2110 pozuje na pierwszym fotostopie po wyje\u017adzie z zajezdni &#8211; na p\u0119tli Krzyki. Jest ju\u017c tu par\u0119 zdj\u0119\u0107 z tego przejazdu specjalnego, mo\u017cna je znale\u017a\u0107 [&hellip;]<\/p>\n","protected":false},"author":1,"featured_media":21675,"comment_status":"open","ping_status":"","sticky":false,"template":"","format":"standard","meta":{"footnotes":""},"categories":[62,149,3],"tags":[4221,1846,42,154,27,202,41],"class_list":["post-21674","post","type-post","status-publish","format-standard","has-post-thumbnail","hentry","category-analog","category-rok-2003","category-tramwaj","tag-2003-08-23","tag-konstal-102n","tag-mpk-wroclaw","tag-noc","tag-polska","tag-specjalny","tag-wroclaw"],"_links":{"self":[{"href":"https:\/\/wgphoto.pl\/t\/index.php?rest_route=\/wp\/v2\/posts\/21674","targetHints":{"allow":["GET"]}}],"collection":[{"href":"https:\/\/wgphoto.pl\/t\/index.php?rest_route=\/wp\/v2\/posts"}],"about":[{"href":"https:\/\/wgphoto.pl\/t\/index.php?rest_route=\/wp\/v2\/types\/post"}],"author":[{"embeddable":true,"href":"https:\/\/wgphoto.pl\/t\/index.php?rest_route=\/wp\/v2\/users\/1"}],"replies":[{"embeddable":true,"href":"https:\/\/wgphoto.pl\/t\/index.php?rest_route=%2Fwp%2Fv2%2Fcomments&post=21674"}],"version-history":[{"count":1,"href":"https:\/\/wgphoto.pl\/t\/index.php?rest_route=\/wp\/v2\/posts\/21674\/revisions"}],"predecessor-version":[{"id":21676,"href":"https:\/\/wgphoto.pl\/t\/index.php?rest_route=\/wp\/v2\/posts\/21674\/revisions\/21676"}],"wp:featuredmedia":[{"embeddable":true,"href":"https:\/\/wgphoto.pl\/t\/index.php?rest_route=\/wp\/v2\/media\/21675"}],"wp:attachment":[{"href":"https:\/\/wgphoto.pl\/t\/index.php?rest_route=%2Fwp%2Fv2%2Fmedia&parent=21674"}],"wp:term":[{"taxonomy":"category","embeddable":true,"href":"https:\/\/wgphoto.pl\/t\/index.php?rest_route=%2Fwp%2Fv2%2Fcategories&post=21674"},{"taxonomy":"post_tag","embeddable":true,"href":"https:\/\/wgphoto.pl\/t\/index.php?rest_route=%2Fwp%2Fv2%2Ftags&post=21674"}],"curies":[{"name":"wp","href":"https:\/\/api.w.org\/{rel}","templated":true}]}}