{"id":21677,"date":"2025-08-23T16:45:17","date_gmt":"2025-08-23T14:45:17","guid":{"rendered":"https:\/\/wgphoto.pl\/t\/?p=21677"},"modified":"2025-08-23T16:45:17","modified_gmt":"2025-08-23T14:45:17","slug":"102n-2110-na-oporowie","status":"publish","type":"post","link":"https:\/\/wgphoto.pl\/t\/?p=21677","title":{"rendered":"102N 2110 na Oporowie"},"content":{"rendered":"\n<figure class=\"wp-block-image aligncenter size-full\"><img loading=\"lazy\" decoding=\"async\" width=\"1400\" height=\"897\" src=\"https:\/\/wgphoto.pl\/t\/wp-content\/uploads\/2025\/08\/0331-25_rsn.jpg\" alt=\"\" class=\"wp-image-21678\" srcset=\"https:\/\/wgphoto.pl\/t\/wp-content\/uploads\/2025\/08\/0331-25_rsn.jpg 1400w, https:\/\/wgphoto.pl\/t\/wp-content\/uploads\/2025\/08\/0331-25_rsn-300x192.jpg 300w, https:\/\/wgphoto.pl\/t\/wp-content\/uploads\/2025\/08\/0331-25_rsn-768x492.jpg 768w\" sizes=\"auto, (max-width: 1400px) 100vw, 1400px\" \/><\/figure>\n\n\n\n<div class=\"wp-block-group has-global-padding is-layout-constrained wp-block-group-is-layout-constrained\">\n<p>102N 2110 na p\u0119tli Opor\u00f3w we Wroc\u0142awiu. Pozosta\u0142e tramwaje w kadrze obs\u0142ugiwa\u0142y ostatnie wieczorne kursy linii dziennych. 23.08.2003<\/p>\n<\/div>\n","protected":false},"excerpt":{"rendered":"<p>102N 2110 na p\u0119tli Opor\u00f3w we Wroc\u0142awiu. Pozosta\u0142e tramwaje w kadrze obs\u0142ugiwa\u0142y ostatnie wieczorne kursy linii dziennych. 23.08.2003<\/p>\n","protected":false},"author":1,"featured_media":21678,"comment_status":"open","ping_status":"","sticky":false,"template":"","format":"standard","meta":{"footnotes":""},"categories":[62,149,3],"tags":[4221,1846,42,154,27,202,41],"class_list":["post-21677","post","type-post","status-publish","format-standard","has-post-thumbnail","hentry","category-analog","category-rok-2003","category-tramwaj","tag-2003-08-23","tag-konstal-102n","tag-mpk-wroclaw","tag-noc","tag-polska","tag-specjalny","tag-wroclaw"],"_links":{"self":[{"href":"https:\/\/wgphoto.pl\/t\/index.php?rest_route=\/wp\/v2\/posts\/21677","targetHints":{"allow":["GET"]}}],"collection":[{"href":"https:\/\/wgphoto.pl\/t\/index.php?rest_route=\/wp\/v2\/posts"}],"about":[{"href":"https:\/\/wgphoto.pl\/t\/index.php?rest_route=\/wp\/v2\/types\/post"}],"author":[{"embeddable":true,"href":"https:\/\/wgphoto.pl\/t\/index.php?rest_route=\/wp\/v2\/users\/1"}],"replies":[{"embeddable":true,"href":"https:\/\/wgphoto.pl\/t\/index.php?rest_route=%2Fwp%2Fv2%2Fcomments&post=21677"}],"version-history":[{"count":1,"href":"https:\/\/wgphoto.pl\/t\/index.php?rest_route=\/wp\/v2\/posts\/21677\/revisions"}],"predecessor-version":[{"id":21679,"href":"https:\/\/wgphoto.pl\/t\/index.php?rest_route=\/wp\/v2\/posts\/21677\/revisions\/21679"}],"wp:featuredmedia":[{"embeddable":true,"href":"https:\/\/wgphoto.pl\/t\/index.php?rest_route=\/wp\/v2\/media\/21678"}],"wp:attachment":[{"href":"https:\/\/wgphoto.pl\/t\/index.php?rest_route=%2Fwp%2Fv2%2Fmedia&parent=21677"}],"wp:term":[{"taxonomy":"category","embeddable":true,"href":"https:\/\/wgphoto.pl\/t\/index.php?rest_route=%2Fwp%2Fv2%2Fcategories&post=21677"},{"taxonomy":"post_tag","embeddable":true,"href":"https:\/\/wgphoto.pl\/t\/index.php?rest_route=%2Fwp%2Fv2%2Ftags&post=21677"}],"curies":[{"name":"wp","href":"https:\/\/api.w.org\/{rel}","templated":true}]}}