{"id":21686,"date":"2025-08-23T16:48:33","date_gmt":"2025-08-23T14:48:33","guid":{"rendered":"https:\/\/wgphoto.pl\/t\/?p=21686"},"modified":"2025-08-23T16:48:33","modified_gmt":"2025-08-23T14:48:33","slug":"zguba","status":"publish","type":"post","link":"https:\/\/wgphoto.pl\/t\/?p=21686","title":{"rendered":"Zguba"},"content":{"rendered":"\n<figure class=\"wp-block-image aligncenter size-full\"><img loading=\"lazy\" decoding=\"async\" width=\"1400\" height=\"937\" src=\"https:\/\/wgphoto.pl\/t\/wp-content\/uploads\/2025\/08\/IMGP6462.jpg\" alt=\"\" class=\"wp-image-21687\" srcset=\"https:\/\/wgphoto.pl\/t\/wp-content\/uploads\/2025\/08\/IMGP6462.jpg 1400w, https:\/\/wgphoto.pl\/t\/wp-content\/uploads\/2025\/08\/IMGP6462-300x201.jpg 300w, https:\/\/wgphoto.pl\/t\/wp-content\/uploads\/2025\/08\/IMGP6462-768x514.jpg 768w\" sizes=\"auto, (max-width: 1400px) 100vw, 1400px\" \/><\/figure>\n\n\n\n<div class=\"wp-block-group has-global-padding is-layout-constrained wp-block-group-is-layout-constrained\">\n<p>242.255 rychlikiem 668 &#8222;Jun\u00e1k&#8221; relacji Brno hl.n. \u2013 Plze\u0148 hl.n. na szlaku Karda\u0161ova \u0158e\u010dice &#8211; Do\u0148ov. Niskie ju\u017c s\u0142once \u0142adnie przy\u015bwieci\u0142o na pierwszym planie na zako\u0144czenie dnia, dla mnie troch\u0119 na pocieszenie, gdy\u017c \u0142a\u017c\u0105c po tym polu zgubi\u0142em telefon, kt\u00f3rego pomimo d\u0142ugich poszukiwa\u0144 nie uda\u0142o mi si\u0119 znale\u017a\u0107. 25.08.2010<\/p>\n<\/div>\n","protected":false},"excerpt":{"rendered":"<p>242.255 rychlikiem 668 &#8222;Jun\u00e1k&#8221; relacji Brno hl.n. \u2013 Plze\u0148 hl.n. na szlaku Karda\u0161ova \u0158e\u010dice &#8211; Do\u0148ov. Niskie ju\u017c s\u0142once \u0142adnie przy\u015bwieci\u0142o na pierwszym planie na zako\u0144czenie dnia, dla mnie troch\u0119 na pocieszenie, gdy\u017c \u0142a\u017c\u0105c po tym polu zgubi\u0142em telefon, kt\u00f3rego pomimo d\u0142ugich poszukiwa\u0144 nie uda\u0142o mi si\u0119 znale\u017a\u0107. 25.08.2010<\/p>\n","protected":false},"author":1,"featured_media":21687,"comment_status":"open","ping_status":"","sticky":false,"template":"","format":"standard","meta":{"footnotes":""},"categories":[2,86],"tags":[308,305,50,49,3238,2767,1829],"class_list":["post-21686","post","type-post","status-publish","format-standard","has-post-thumbnail","hentry","category-kolej","category-rok-2010","tag-2010-08-25","tag-305","tag-cd","tag-czechy","tag-donov","tag-kardasova-recice","tag-tab-cz225"],"_links":{"self":[{"href":"https:\/\/wgphoto.pl\/t\/index.php?rest_route=\/wp\/v2\/posts\/21686","targetHints":{"allow":["GET"]}}],"collection":[{"href":"https:\/\/wgphoto.pl\/t\/index.php?rest_route=\/wp\/v2\/posts"}],"about":[{"href":"https:\/\/wgphoto.pl\/t\/index.php?rest_route=\/wp\/v2\/types\/post"}],"author":[{"embeddable":true,"href":"https:\/\/wgphoto.pl\/t\/index.php?rest_route=\/wp\/v2\/users\/1"}],"replies":[{"embeddable":true,"href":"https:\/\/wgphoto.pl\/t\/index.php?rest_route=%2Fwp%2Fv2%2Fcomments&post=21686"}],"version-history":[{"count":1,"href":"https:\/\/wgphoto.pl\/t\/index.php?rest_route=\/wp\/v2\/posts\/21686\/revisions"}],"predecessor-version":[{"id":21688,"href":"https:\/\/wgphoto.pl\/t\/index.php?rest_route=\/wp\/v2\/posts\/21686\/revisions\/21688"}],"wp:featuredmedia":[{"embeddable":true,"href":"https:\/\/wgphoto.pl\/t\/index.php?rest_route=\/wp\/v2\/media\/21687"}],"wp:attachment":[{"href":"https:\/\/wgphoto.pl\/t\/index.php?rest_route=%2Fwp%2Fv2%2Fmedia&parent=21686"}],"wp:term":[{"taxonomy":"category","embeddable":true,"href":"https:\/\/wgphoto.pl\/t\/index.php?rest_route=%2Fwp%2Fv2%2Fcategories&post=21686"},{"taxonomy":"post_tag","embeddable":true,"href":"https:\/\/wgphoto.pl\/t\/index.php?rest_route=%2Fwp%2Fv2%2Ftags&post=21686"}],"curies":[{"name":"wp","href":"https:\/\/api.w.org\/{rel}","templated":true}]}}