{"id":2170,"date":"2024-10-10T16:48:32","date_gmt":"2024-10-10T14:48:32","guid":{"rendered":"https:\/\/wgphoto.pl\/t\/?p=2170"},"modified":"2024-11-16T11:22:47","modified_gmt":"2024-11-16T10:22:47","slug":"parla","status":"publish","type":"post","link":"https:\/\/wgphoto.pl\/t\/?p=2170","title":{"rendered":"Parla"},"content":{"rendered":"\n<figure class=\"wp-block-image aligncenter size-full\"><img loading=\"lazy\" decoding=\"async\" width=\"1024\" height=\"680\" src=\"https:\/\/wgphoto.pl\/t\/wp-content\/uploads\/2024\/10\/20131112223323_imgp0837.jpg\" alt=\"\" class=\"wp-image-2171\" srcset=\"https:\/\/wgphoto.pl\/t\/wp-content\/uploads\/2024\/10\/20131112223323_imgp0837.jpg 1024w, https:\/\/wgphoto.pl\/t\/wp-content\/uploads\/2024\/10\/20131112223323_imgp0837-300x199.jpg 300w, https:\/\/wgphoto.pl\/t\/wp-content\/uploads\/2024\/10\/20131112223323_imgp0837-768x510.jpg 768w\" sizes=\"auto, (max-width: 1024px) 100vw, 1024px\" \/><\/figure>\n\n\n\n<div class=\"wp-block-group has-global-padding is-layout-constrained wp-block-group-is-layout-constrained\">\n<p>W aglomeracji madryckiej le\u017cy sobie nieco ponad stutysi\u0119czna Parla, godna uwagi ze wzgl\u0119du na w\u0142asn\u0105 sie\u0107 tramwajow\u0105. Jedna ok\u00f3lna linia okr\u0105\u017ca miasto, a g\u0142\u00f3wnym jej zadaniem jest dow\u00f3z do stacji szybkiej kolei miejskiej kursuj\u0105cej do Madrytu. Tramwaj zdaje si\u0119 spe\u0142nia\u0107 swoje zadanie. 3\/4 okr\u0119gu prowadzi przez mniej lub bardziej zurbanizowane obszary, natomiast widoczna na zdj\u0119ciu 1\/4 wiedzie przez nieu\u017cytki wzd\u0142u\u017c linii kolejowej i zapewne ma pe\u0142ni\u0107 funkcj\u0119 miastotw\u00f3rcz\u0105.<br>2013-11-09<\/p>\n<\/div>\n","protected":false},"excerpt":{"rendered":"<p>W aglomeracji madryckiej le\u017cy sobie nieco ponad stutysi\u0119czna Parla, godna uwagi ze wzgl\u0119du na w\u0142asn\u0105 sie\u0107 tramwajow\u0105. Jedna ok\u00f3lna linia okr\u0105\u017ca miasto, a g\u0142\u00f3wnym jej zadaniem jest dow\u00f3z do stacji szybkiej kolei miejskiej kursuj\u0105cej do Madrytu. Tramwaj zdaje si\u0119 spe\u0142nia\u0107 swoje zadanie. 3\/4 okr\u0119gu prowadzi przez mniej lub bardziej zurbanizowane obszary, natomiast widoczna na zdj\u0119ciu [&hellip;]<\/p>\n","protected":false},"author":1,"featured_media":2171,"comment_status":"open","ping_status":"","sticky":false,"template":"","format":"standard","meta":{"footnotes":""},"categories":[55,3],"tags":[1136,170,159,1135,2228],"class_list":["post-2170","post","type-post","status-publish","format-standard","has-post-thumbnail","hentry","category-rok-2013","category-tramwaj","tag-2013-11-09","tag-alstom-citadis302","tag-hiszpania","tag-parla","tag-tranvia-de-parla"],"_links":{"self":[{"href":"https:\/\/wgphoto.pl\/t\/index.php?rest_route=\/wp\/v2\/posts\/2170","targetHints":{"allow":["GET"]}}],"collection":[{"href":"https:\/\/wgphoto.pl\/t\/index.php?rest_route=\/wp\/v2\/posts"}],"about":[{"href":"https:\/\/wgphoto.pl\/t\/index.php?rest_route=\/wp\/v2\/types\/post"}],"author":[{"embeddable":true,"href":"https:\/\/wgphoto.pl\/t\/index.php?rest_route=\/wp\/v2\/users\/1"}],"replies":[{"embeddable":true,"href":"https:\/\/wgphoto.pl\/t\/index.php?rest_route=%2Fwp%2Fv2%2Fcomments&post=2170"}],"version-history":[{"count":1,"href":"https:\/\/wgphoto.pl\/t\/index.php?rest_route=\/wp\/v2\/posts\/2170\/revisions"}],"predecessor-version":[{"id":2172,"href":"https:\/\/wgphoto.pl\/t\/index.php?rest_route=\/wp\/v2\/posts\/2170\/revisions\/2172"}],"wp:featuredmedia":[{"embeddable":true,"href":"https:\/\/wgphoto.pl\/t\/index.php?rest_route=\/wp\/v2\/media\/2171"}],"wp:attachment":[{"href":"https:\/\/wgphoto.pl\/t\/index.php?rest_route=%2Fwp%2Fv2%2Fmedia&parent=2170"}],"wp:term":[{"taxonomy":"category","embeddable":true,"href":"https:\/\/wgphoto.pl\/t\/index.php?rest_route=%2Fwp%2Fv2%2Fcategories&post=2170"},{"taxonomy":"post_tag","embeddable":true,"href":"https:\/\/wgphoto.pl\/t\/index.php?rest_route=%2Fwp%2Fv2%2Ftags&post=2170"}],"curies":[{"name":"wp","href":"https:\/\/api.w.org\/{rel}","templated":true}]}}