{"id":21717,"date":"2025-08-24T17:18:50","date_gmt":"2025-08-24T15:18:50","guid":{"rendered":"https:\/\/wgphoto.pl\/t\/?p=21717"},"modified":"2025-08-24T17:18:50","modified_gmt":"2025-08-24T15:18:50","slug":"wieczor-na-rynku","status":"publish","type":"post","link":"https:\/\/wgphoto.pl\/t\/?p=21717","title":{"rendered":"Wiecz\u00f3r na rynku"},"content":{"rendered":"\n<figure class=\"wp-block-image aligncenter size-full\"><img loading=\"lazy\" decoding=\"async\" width=\"1300\" height=\"867\" src=\"https:\/\/wgphoto.pl\/t\/wp-content\/uploads\/2025\/08\/DSCF1062.jpg\" alt=\"\" class=\"wp-image-21718\" srcset=\"https:\/\/wgphoto.pl\/t\/wp-content\/uploads\/2025\/08\/DSCF1062.jpg 1300w, https:\/\/wgphoto.pl\/t\/wp-content\/uploads\/2025\/08\/DSCF1062-300x200.jpg 300w, https:\/\/wgphoto.pl\/t\/wp-content\/uploads\/2025\/08\/DSCF1062-768x512.jpg 768w\" sizes=\"auto, (max-width: 1300px) 100vw, 1300px\" \/><\/figure>\n\n\n\n<div class=\"wp-block-group has-global-padding is-layout-constrained wp-block-group-is-layout-constrained\">\n<p>Linz, Hauptplatz. Bombardier Flexity Outlook 073 przemierza wieczorem miejscowy rynek. Plener mo\u017ce i prezentuje si\u0119 atrakcyjnie, ale swobodny ruch pieszych i rowerzyst\u00f3w skutecznie utrudnia fotografowanie tramwaj\u00f3w. To foto by\u0142o mo\u017ce dziesi\u0105t\u0105 pr\u00f3b\u0105\u2026 Przy okazji przetestowa\u0142em sobie bardziej wymagaj\u0105ce parametry &#8211; mamy tu iso 10000. Szum wcale nie jest mniejszy ni\u017c z kilkunastoletniego Pentaxa, gdzie r\u00f3wnie\u017c zdarza\u0142o mi si\u0119 u\u017cywa\u0107 tej nastawy na zdj\u0119ciach z tuneli metra. 23.07.2025<\/p>\n<\/div>\n","protected":false},"excerpt":{"rendered":"<p>Linz, Hauptplatz. Bombardier Flexity Outlook 073 przemierza wieczorem miejscowy rynek. Plener mo\u017ce i prezentuje si\u0119 atrakcyjnie, ale swobodny ruch pieszych i rowerzyst\u00f3w skutecznie utrudnia fotografowanie tramwaj\u00f3w. To foto by\u0142o mo\u017ce dziesi\u0105t\u0105 pr\u00f3b\u0105\u2026 Przy okazji przetestowa\u0142em sobie bardziej wymagaj\u0105ce parametry &#8211; mamy tu iso 10000. Szum wcale nie jest mniejszy ni\u017c z kilkunastoletniego Pentaxa, gdzie r\u00f3wnie\u017c [&hellip;]<\/p>\n","protected":false},"author":1,"featured_media":21718,"comment_status":"open","ping_status":"","sticky":false,"template":"","format":"standard","meta":{"footnotes":""},"categories":[3208,3],"tags":[4481,9,185,239,4482,4483,143,4458,90],"class_list":["post-21717","post","type-post","status-publish","format-standard","has-post-thumbnail","hentry","category-rok-2025","category-tramwaj","tag-2025-07-23","tag-austria","tag-cityrunner","tag-deptak","tag-linz","tag-linz-linien","tag-ponad-30m","tag-wakacje-2025","tag-wieczorem"],"_links":{"self":[{"href":"https:\/\/wgphoto.pl\/t\/index.php?rest_route=\/wp\/v2\/posts\/21717","targetHints":{"allow":["GET"]}}],"collection":[{"href":"https:\/\/wgphoto.pl\/t\/index.php?rest_route=\/wp\/v2\/posts"}],"about":[{"href":"https:\/\/wgphoto.pl\/t\/index.php?rest_route=\/wp\/v2\/types\/post"}],"author":[{"embeddable":true,"href":"https:\/\/wgphoto.pl\/t\/index.php?rest_route=\/wp\/v2\/users\/1"}],"replies":[{"embeddable":true,"href":"https:\/\/wgphoto.pl\/t\/index.php?rest_route=%2Fwp%2Fv2%2Fcomments&post=21717"}],"version-history":[{"count":1,"href":"https:\/\/wgphoto.pl\/t\/index.php?rest_route=\/wp\/v2\/posts\/21717\/revisions"}],"predecessor-version":[{"id":21719,"href":"https:\/\/wgphoto.pl\/t\/index.php?rest_route=\/wp\/v2\/posts\/21717\/revisions\/21719"}],"wp:featuredmedia":[{"embeddable":true,"href":"https:\/\/wgphoto.pl\/t\/index.php?rest_route=\/wp\/v2\/media\/21718"}],"wp:attachment":[{"href":"https:\/\/wgphoto.pl\/t\/index.php?rest_route=%2Fwp%2Fv2%2Fmedia&parent=21717"}],"wp:term":[{"taxonomy":"category","embeddable":true,"href":"https:\/\/wgphoto.pl\/t\/index.php?rest_route=%2Fwp%2Fv2%2Fcategories&post=21717"},{"taxonomy":"post_tag","embeddable":true,"href":"https:\/\/wgphoto.pl\/t\/index.php?rest_route=%2Fwp%2Fv2%2Ftags&post=21717"}],"curies":[{"name":"wp","href":"https:\/\/api.w.org\/{rel}","templated":true}]}}