{"id":21721,"date":"2025-08-27T18:11:21","date_gmt":"2025-08-27T16:11:21","guid":{"rendered":"https:\/\/wgphoto.pl\/t\/?p=21721"},"modified":"2025-08-27T18:11:21","modified_gmt":"2025-08-27T16:11:21","slug":"su46-024-na-manewrach","status":"publish","type":"post","link":"https:\/\/wgphoto.pl\/t\/?p=21721","title":{"rendered":"SU46-024 na manewrach"},"content":{"rendered":"\n<figure class=\"wp-block-image aligncenter size-full\"><img loading=\"lazy\" decoding=\"async\" width=\"1399\" height=\"927\" src=\"https:\/\/wgphoto.pl\/t\/wp-content\/uploads\/2025\/08\/0524-10.jpg\" alt=\"\" class=\"wp-image-21722\" srcset=\"https:\/\/wgphoto.pl\/t\/wp-content\/uploads\/2025\/08\/0524-10.jpg 1399w, https:\/\/wgphoto.pl\/t\/wp-content\/uploads\/2025\/08\/0524-10-300x199.jpg 300w, https:\/\/wgphoto.pl\/t\/wp-content\/uploads\/2025\/08\/0524-10-768x509.jpg 768w\" sizes=\"auto, (max-width: 1399px) 100vw, 1399px\" \/><\/figure>\n\n\n\n<div class=\"wp-block-group has-global-padding is-layout-constrained wp-block-group-is-layout-constrained\">\n<p>SU46-024 oblatuje wagony, z kt\u00f3rymi przyjecha\u0142a z K\u0119dzierzyna-Ko\u017ala i zaraz tam wr\u00f3ci. Kamieniec Z\u0105bkowicki, 27.08.2005<\/p>\n<\/div>\n","protected":false},"excerpt":{"rendered":"<p>SU46-024 oblatuje wagony, z kt\u00f3rymi przyjecha\u0142a z K\u0119dzierzyna-Ko\u017ala i zaraz tam wr\u00f3ci. Kamieniec Z\u0105bkowicki, 27.08.2005<\/p>\n","protected":false},"author":1,"featured_media":21722,"comment_status":"open","ping_status":"","sticky":false,"template":"","format":"standard","meta":{"footnotes":""},"categories":[62,2,311],"tags":[804,2274,63,27,84,319],"class_list":["post-21721","post","type-post","status-publish","format-standard","has-post-thumbnail","hentry","category-analog","category-kolej","category-rok-2005","tag-2005-08-27","tag-kamieniec-zabkowicki","tag-pkp","tag-polska","tag-su46","tag-tab-pl235"],"_links":{"self":[{"href":"https:\/\/wgphoto.pl\/t\/index.php?rest_route=\/wp\/v2\/posts\/21721","targetHints":{"allow":["GET"]}}],"collection":[{"href":"https:\/\/wgphoto.pl\/t\/index.php?rest_route=\/wp\/v2\/posts"}],"about":[{"href":"https:\/\/wgphoto.pl\/t\/index.php?rest_route=\/wp\/v2\/types\/post"}],"author":[{"embeddable":true,"href":"https:\/\/wgphoto.pl\/t\/index.php?rest_route=\/wp\/v2\/users\/1"}],"replies":[{"embeddable":true,"href":"https:\/\/wgphoto.pl\/t\/index.php?rest_route=%2Fwp%2Fv2%2Fcomments&post=21721"}],"version-history":[{"count":1,"href":"https:\/\/wgphoto.pl\/t\/index.php?rest_route=\/wp\/v2\/posts\/21721\/revisions"}],"predecessor-version":[{"id":21723,"href":"https:\/\/wgphoto.pl\/t\/index.php?rest_route=\/wp\/v2\/posts\/21721\/revisions\/21723"}],"wp:featuredmedia":[{"embeddable":true,"href":"https:\/\/wgphoto.pl\/t\/index.php?rest_route=\/wp\/v2\/media\/21722"}],"wp:attachment":[{"href":"https:\/\/wgphoto.pl\/t\/index.php?rest_route=%2Fwp%2Fv2%2Fmedia&parent=21721"}],"wp:term":[{"taxonomy":"category","embeddable":true,"href":"https:\/\/wgphoto.pl\/t\/index.php?rest_route=%2Fwp%2Fv2%2Fcategories&post=21721"},{"taxonomy":"post_tag","embeddable":true,"href":"https:\/\/wgphoto.pl\/t\/index.php?rest_route=%2Fwp%2Fv2%2Ftags&post=21721"}],"curies":[{"name":"wp","href":"https:\/\/api.w.org\/{rel}","templated":true}]}}