{"id":21727,"date":"2025-08-27T18:13:33","date_gmt":"2025-08-27T16:13:33","guid":{"rendered":"https:\/\/wgphoto.pl\/t\/?p=21727"},"modified":"2025-08-27T18:13:48","modified_gmt":"2025-08-27T16:13:48","slug":"salzburger-lokalbahn","status":"publish","type":"post","link":"https:\/\/wgphoto.pl\/t\/?p=21727","title":{"rendered":"Salzburger Lokalbahn"},"content":{"rendered":"\n<figure class=\"wp-block-image aligncenter size-full\"><img loading=\"lazy\" decoding=\"async\" width=\"1399\" height=\"933\" src=\"https:\/\/wgphoto.pl\/t\/wp-content\/uploads\/2025\/08\/DSCF0633.jpg\" alt=\"\" class=\"wp-image-21728\" srcset=\"https:\/\/wgphoto.pl\/t\/wp-content\/uploads\/2025\/08\/DSCF0633.jpg 1399w, https:\/\/wgphoto.pl\/t\/wp-content\/uploads\/2025\/08\/DSCF0633-300x200.jpg 300w, https:\/\/wgphoto.pl\/t\/wp-content\/uploads\/2025\/08\/DSCF0633-768x512.jpg 768w\" sizes=\"auto, (max-width: 1399px) 100vw, 1399px\" \/><\/figure>\n\n\n\n<div class=\"wp-block-group has-global-padding is-layout-constrained wp-block-group-is-layout-constrained\">\n<p>Wagon ET58 o imieniu Partnerstadt Dresden przemierza pola i \u0142\u0105ki na odcinku Pabing &#8211; Acharting w drodze do Salzburga. G\u00f3ry na horyzoncie le\u017c\u0105 ju\u017c w Niemczech i jako stanowi\u0105ce jedno z ciekawszych te\u0142 na trasie salzburskiego lokalbahnu by\u0142y dla mnie wyznacznikiem poszukiwania kadr\u00f3w. Poniewa\u017c trzeba celowa\u0107 w kierunku p\u0142d-zach, ucieszy\u0142em si\u0119, \u017ce na niebie chmury walczy\u0142y ze s\u0142o\u0144cem, daj\u0105c czasami taki efekt (niebo nie jest jako\u015b szczeg\u00f3lnie wyci\u0105gane). 22.07.2025<\/p>\n<\/div>\n","protected":false},"excerpt":{"rendered":"<p>Wagon ET58 o imieniu Partnerstadt Dresden przemierza pola i \u0142\u0105ki na odcinku Pabing &#8211; Acharting w drodze do Salzburga. G\u00f3ry na horyzoncie le\u017c\u0105 ju\u017c w Niemczech i jako stanowi\u0105ce jedno z ciekawszych te\u0142 na trasie salzburskiego lokalbahnu by\u0142y dla mnie wyznacznikiem poszukiwania kadr\u00f3w. Poniewa\u017c trzeba celowa\u0107 w kierunku p\u0142d-zach, ucieszy\u0142em si\u0119, \u017ce na niebie chmury [&hellip;]<\/p>\n","protected":false},"author":1,"featured_media":21728,"comment_status":"open","ping_status":"","sticky":false,"template":"","format":"standard","meta":{"footnotes":""},"categories":[3208,3],"tags":[4486,9,114,162,4485,4484,561,4458],"class_list":["post-21727","post","type-post","status-publish","format-standard","has-post-thumbnail","hentry","category-rok-2025","category-tramwaj","tag-2025-07-22","tag-austria","tag-gory","tag-niebo","tag-pabing","tag-salzburger-lokalbahn","tag-tramwaj-podmiejski","tag-wakacje-2025"],"_links":{"self":[{"href":"https:\/\/wgphoto.pl\/t\/index.php?rest_route=\/wp\/v2\/posts\/21727","targetHints":{"allow":["GET"]}}],"collection":[{"href":"https:\/\/wgphoto.pl\/t\/index.php?rest_route=\/wp\/v2\/posts"}],"about":[{"href":"https:\/\/wgphoto.pl\/t\/index.php?rest_route=\/wp\/v2\/types\/post"}],"author":[{"embeddable":true,"href":"https:\/\/wgphoto.pl\/t\/index.php?rest_route=\/wp\/v2\/users\/1"}],"replies":[{"embeddable":true,"href":"https:\/\/wgphoto.pl\/t\/index.php?rest_route=%2Fwp%2Fv2%2Fcomments&post=21727"}],"version-history":[{"count":1,"href":"https:\/\/wgphoto.pl\/t\/index.php?rest_route=\/wp\/v2\/posts\/21727\/revisions"}],"predecessor-version":[{"id":21729,"href":"https:\/\/wgphoto.pl\/t\/index.php?rest_route=\/wp\/v2\/posts\/21727\/revisions\/21729"}],"wp:featuredmedia":[{"embeddable":true,"href":"https:\/\/wgphoto.pl\/t\/index.php?rest_route=\/wp\/v2\/media\/21728"}],"wp:attachment":[{"href":"https:\/\/wgphoto.pl\/t\/index.php?rest_route=%2Fwp%2Fv2%2Fmedia&parent=21727"}],"wp:term":[{"taxonomy":"category","embeddable":true,"href":"https:\/\/wgphoto.pl\/t\/index.php?rest_route=%2Fwp%2Fv2%2Fcategories&post=21727"},{"taxonomy":"post_tag","embeddable":true,"href":"https:\/\/wgphoto.pl\/t\/index.php?rest_route=%2Fwp%2Fv2%2Ftags&post=21727"}],"curies":[{"name":"wp","href":"https:\/\/api.w.org\/{rel}","templated":true}]}}