{"id":21730,"date":"2025-08-27T18:14:40","date_gmt":"2025-08-27T16:14:40","guid":{"rendered":"https:\/\/wgphoto.pl\/t\/?p=21730"},"modified":"2025-08-27T18:14:40","modified_gmt":"2025-08-27T16:14:40","slug":"czesciowy-wychyl","status":"publish","type":"post","link":"https:\/\/wgphoto.pl\/t\/?p=21730","title":{"rendered":"Cz\u0119\u015bciowy wychy\u0142"},"content":{"rendered":"\n<figure class=\"wp-block-image aligncenter size-full\"><img loading=\"lazy\" decoding=\"async\" width=\"1400\" height=\"927\" src=\"https:\/\/wgphoto.pl\/t\/wp-content\/uploads\/2025\/08\/IMGP1878.jpg\" alt=\"\" class=\"wp-image-21731\" srcset=\"https:\/\/wgphoto.pl\/t\/wp-content\/uploads\/2025\/08\/IMGP1878.jpg 1400w, https:\/\/wgphoto.pl\/t\/wp-content\/uploads\/2025\/08\/IMGP1878-300x199.jpg 300w, https:\/\/wgphoto.pl\/t\/wp-content\/uploads\/2025\/08\/IMGP1878-768x509.jpg 768w\" sizes=\"auto, (max-width: 1400px) 100vw, 1400px\" \/><\/figure>\n\n\n\n<div class=\"wp-block-group has-global-padding is-layout-constrained wp-block-group-is-layout-constrained\">\n<p>Zestaw X2000 w drodze ze Sztokholmu na zach\u00f3d (pewnie standardowo G\u00f6teborg lub Malm\u00f6) zosta\u0142 przy\u0142apany na odcinku M\u00f6lnbo &#8211; Gnesta. Bli\u017csze spojrzenie na \u0142uku ujawnia, \u017ce tylko wagony w sk\u0142adzie maj\u0105 wychylne pud\u0142a. 01.04.2023<\/p>\n<\/div>\n","protected":false},"excerpt":{"rendered":"<p>Zestaw X2000 w drodze ze Sztokholmu na zach\u00f3d (pewnie standardowo G\u00f6teborg lub Malm\u00f6) zosta\u0142 przy\u0142apany na odcinku M\u00f6lnbo &#8211; Gnesta. Bli\u017csze spojrzenie na \u0142uku ujawnia, \u017ce tylko wagony w sk\u0142adzie maj\u0105 wychylne pud\u0142a. 01.04.2023<\/p>\n","protected":false},"author":1,"featured_media":21731,"comment_status":"open","ping_status":"","sticky":false,"template":"","format":"standard","meta":{"footnotes":""},"categories":[2,6],"tags":[4103,4488,4487,1372,44,685,1484],"class_list":["post-21730","post","type-post","status-publish","format-standard","has-post-thumbnail","hentry","category-kolej","category-2023r","tag-2023-04-01","tag-gnesta","tag-molnbo","tag-sj","tag-snieg","tag-szwecja","tag-x2000"],"_links":{"self":[{"href":"https:\/\/wgphoto.pl\/t\/index.php?rest_route=\/wp\/v2\/posts\/21730","targetHints":{"allow":["GET"]}}],"collection":[{"href":"https:\/\/wgphoto.pl\/t\/index.php?rest_route=\/wp\/v2\/posts"}],"about":[{"href":"https:\/\/wgphoto.pl\/t\/index.php?rest_route=\/wp\/v2\/types\/post"}],"author":[{"embeddable":true,"href":"https:\/\/wgphoto.pl\/t\/index.php?rest_route=\/wp\/v2\/users\/1"}],"replies":[{"embeddable":true,"href":"https:\/\/wgphoto.pl\/t\/index.php?rest_route=%2Fwp%2Fv2%2Fcomments&post=21730"}],"version-history":[{"count":1,"href":"https:\/\/wgphoto.pl\/t\/index.php?rest_route=\/wp\/v2\/posts\/21730\/revisions"}],"predecessor-version":[{"id":21732,"href":"https:\/\/wgphoto.pl\/t\/index.php?rest_route=\/wp\/v2\/posts\/21730\/revisions\/21732"}],"wp:featuredmedia":[{"embeddable":true,"href":"https:\/\/wgphoto.pl\/t\/index.php?rest_route=\/wp\/v2\/media\/21731"}],"wp:attachment":[{"href":"https:\/\/wgphoto.pl\/t\/index.php?rest_route=%2Fwp%2Fv2%2Fmedia&parent=21730"}],"wp:term":[{"taxonomy":"category","embeddable":true,"href":"https:\/\/wgphoto.pl\/t\/index.php?rest_route=%2Fwp%2Fv2%2Fcategories&post=21730"},{"taxonomy":"post_tag","embeddable":true,"href":"https:\/\/wgphoto.pl\/t\/index.php?rest_route=%2Fwp%2Fv2%2Ftags&post=21730"}],"curies":[{"name":"wp","href":"https:\/\/api.w.org\/{rel}","templated":true}]}}