{"id":21739,"date":"2025-08-31T14:26:01","date_gmt":"2025-08-31T12:26:01","guid":{"rendered":"https:\/\/wgphoto.pl\/t\/?p=21739"},"modified":"2025-08-31T14:26:01","modified_gmt":"2025-08-31T12:26:01","slug":"tramwaj-lesny-2","status":"publish","type":"post","link":"https:\/\/wgphoto.pl\/t\/?p=21739","title":{"rendered":"Tramwaj le\u015bny"},"content":{"rendered":"\n<figure class=\"wp-block-image aligncenter size-full\"><img loading=\"lazy\" decoding=\"async\" width=\"750\" height=\"1000\" src=\"https:\/\/wgphoto.pl\/t\/wp-content\/uploads\/2025\/08\/IMGP1184.jpg\" alt=\"\" class=\"wp-image-21740\" srcset=\"https:\/\/wgphoto.pl\/t\/wp-content\/uploads\/2025\/08\/IMGP1184.jpg 750w, https:\/\/wgphoto.pl\/t\/wp-content\/uploads\/2025\/08\/IMGP1184-225x300.jpg 225w\" sizes=\"auto, (max-width: 750px) 100vw, 750px\" \/><\/figure>\n\n\n\n<div class=\"wp-block-group has-global-padding is-layout-constrained wp-block-group-is-layout-constrained\">\n<p>Sk\u0142ad 2xT3m 73+75 pokonuje le\u015bny odcinek mi\u0119dzy przystankami Nov\u00fd Sv\u011bt i Zelen\u00e9 \u00fadol\u00ed na trasie z Liberca do Jablonca. 28.12.2009<\/p>\n<\/div>\n","protected":false},"excerpt":{"rendered":"<p>Sk\u0142ad 2xT3m 73+75 pokonuje le\u015bny odcinek mi\u0119dzy przystankami Nov\u00fd Sv\u011bt i Zelen\u00e9 \u00fadol\u00ed na trasie z Liberca do Jablonca. 28.12.2009<\/p>\n","protected":false},"author":1,"featured_media":21740,"comment_status":"open","ping_status":"","sticky":false,"template":"","format":"standard","meta":{"footnotes":""},"categories":[128,169,3],"tags":[874,49,875,876,44,1011,561],"class_list":["post-21739","post","type-post","status-publish","format-standard","has-post-thumbnail","hentry","category-pionowe","category-rok-2009","category-tramwaj","tag-2009-12-28","tag-czechy","tag-dpmlj-liberec","tag-jablonec-nad-nisou","tag-snieg","tag-tatra-t3","tag-tramwaj-podmiejski"],"_links":{"self":[{"href":"https:\/\/wgphoto.pl\/t\/index.php?rest_route=\/wp\/v2\/posts\/21739","targetHints":{"allow":["GET"]}}],"collection":[{"href":"https:\/\/wgphoto.pl\/t\/index.php?rest_route=\/wp\/v2\/posts"}],"about":[{"href":"https:\/\/wgphoto.pl\/t\/index.php?rest_route=\/wp\/v2\/types\/post"}],"author":[{"embeddable":true,"href":"https:\/\/wgphoto.pl\/t\/index.php?rest_route=\/wp\/v2\/users\/1"}],"replies":[{"embeddable":true,"href":"https:\/\/wgphoto.pl\/t\/index.php?rest_route=%2Fwp%2Fv2%2Fcomments&post=21739"}],"version-history":[{"count":1,"href":"https:\/\/wgphoto.pl\/t\/index.php?rest_route=\/wp\/v2\/posts\/21739\/revisions"}],"predecessor-version":[{"id":21741,"href":"https:\/\/wgphoto.pl\/t\/index.php?rest_route=\/wp\/v2\/posts\/21739\/revisions\/21741"}],"wp:featuredmedia":[{"embeddable":true,"href":"https:\/\/wgphoto.pl\/t\/index.php?rest_route=\/wp\/v2\/media\/21740"}],"wp:attachment":[{"href":"https:\/\/wgphoto.pl\/t\/index.php?rest_route=%2Fwp%2Fv2%2Fmedia&parent=21739"}],"wp:term":[{"taxonomy":"category","embeddable":true,"href":"https:\/\/wgphoto.pl\/t\/index.php?rest_route=%2Fwp%2Fv2%2Fcategories&post=21739"},{"taxonomy":"post_tag","embeddable":true,"href":"https:\/\/wgphoto.pl\/t\/index.php?rest_route=%2Fwp%2Fv2%2Ftags&post=21739"}],"curies":[{"name":"wp","href":"https:\/\/api.w.org\/{rel}","templated":true}]}}