{"id":21742,"date":"2025-08-31T14:27:03","date_gmt":"2025-08-31T12:27:03","guid":{"rendered":"https:\/\/wgphoto.pl\/t\/?p=21742"},"modified":"2025-08-31T14:27:03","modified_gmt":"2025-08-31T12:27:03","slug":"vlak-zastavku-projizdi","status":"publish","type":"post","link":"https:\/\/wgphoto.pl\/t\/?p=21742","title":{"rendered":"Vlak zast\u00e1vku proj\u00ed\u017ed\u00ed"},"content":{"rendered":"\n<figure class=\"wp-block-image aligncenter size-full\"><img loading=\"lazy\" decoding=\"async\" width=\"1400\" height=\"937\" src=\"https:\/\/wgphoto.pl\/t\/wp-content\/uploads\/2025\/08\/IMGP1211.jpg\" alt=\"\" class=\"wp-image-21743\" srcset=\"https:\/\/wgphoto.pl\/t\/wp-content\/uploads\/2025\/08\/IMGP1211.jpg 1400w, https:\/\/wgphoto.pl\/t\/wp-content\/uploads\/2025\/08\/IMGP1211-300x201.jpg 300w, https:\/\/wgphoto.pl\/t\/wp-content\/uploads\/2025\/08\/IMGP1211-768x514.jpg 768w\" sizes=\"auto, (max-width: 1400px) 100vw, 1400px\" \/><\/figure>\n\n\n\n<div class=\"wp-block-group has-global-padding is-layout-constrained wp-block-group-is-layout-constrained\">\n<div class=\"wp-block-group has-global-padding is-layout-constrained wp-block-group-is-layout-constrained\">\n<p>810.424, zapewne jako podsy\u0142, jedzie na ko\u0144cu sk\u0142adu prowadzonego wagonem motorowym serii 843, kt\u00f3ry realizuje kurs 16220 relacji Harrachov &#8211; Liberec. Poci\u0105g mija bez zatrzymania przystanek Prose\u010d nad Nisou, obs\u0142ugiwany w \u00f3wczesnym rozk\u0142adzie jazdy przez zaledwie trzy pary kurs\u00f3w dziennie. Taka obs\u0142uga moim zdaniem by\u0142a zasadna z uwagi na biegn\u0105c\u0105 r\u00f3wnolegle lini\u0119 tramwajow\u0105 z Jablonca do Liberca, jednak po remoncie trasy (nie chce mi si\u0119 szuka\u0107, w kt\u00f3rym roku \ud83d\ude42 ) na wszystkich po\u015brednich przystankach zn\u00f3w zatrzymuj\u0105 si\u0119 (cho\u0107 tylko na \u017c\u0105danie) wszystkie poci\u0105gi. 28.12.2009<\/p>\n<\/div>\n<\/div>\n","protected":false},"excerpt":{"rendered":"<p>810.424, zapewne jako podsy\u0142, jedzie na ko\u0144cu sk\u0142adu prowadzonego wagonem motorowym serii 843, kt\u00f3ry realizuje kurs 16220 relacji Harrachov &#8211; Liberec. Poci\u0105g mija bez zatrzymania przystanek Prose\u010d nad Nisou, obs\u0142ugiwany w \u00f3wczesnym rozk\u0142adzie jazdy przez zaledwie trzy pary kurs\u00f3w dziennie. Taka obs\u0142uga moim zdaniem by\u0142a zasadna z uwagi na biegn\u0105c\u0105 r\u00f3wnolegle lini\u0119 tramwajow\u0105 z Jablonca [&hellip;]<\/p>\n","protected":false},"author":1,"featured_media":21743,"comment_status":"open","ping_status":"","sticky":false,"template":"","format":"standard","meta":{"footnotes":""},"categories":[2,169],"tags":[874,92,50,173,4490,44,936],"class_list":["post-21742","post","type-post","status-publish","format-standard","has-post-thumbnail","hentry","category-kolej","category-rok-2009","tag-2009-12-28","tag-92","tag-cd","tag-koncowki","tag-prosec-nad-nisou","tag-snieg","tag-tab-cz036"],"_links":{"self":[{"href":"https:\/\/wgphoto.pl\/t\/index.php?rest_route=\/wp\/v2\/posts\/21742","targetHints":{"allow":["GET"]}}],"collection":[{"href":"https:\/\/wgphoto.pl\/t\/index.php?rest_route=\/wp\/v2\/posts"}],"about":[{"href":"https:\/\/wgphoto.pl\/t\/index.php?rest_route=\/wp\/v2\/types\/post"}],"author":[{"embeddable":true,"href":"https:\/\/wgphoto.pl\/t\/index.php?rest_route=\/wp\/v2\/users\/1"}],"replies":[{"embeddable":true,"href":"https:\/\/wgphoto.pl\/t\/index.php?rest_route=%2Fwp%2Fv2%2Fcomments&post=21742"}],"version-history":[{"count":1,"href":"https:\/\/wgphoto.pl\/t\/index.php?rest_route=\/wp\/v2\/posts\/21742\/revisions"}],"predecessor-version":[{"id":21744,"href":"https:\/\/wgphoto.pl\/t\/index.php?rest_route=\/wp\/v2\/posts\/21742\/revisions\/21744"}],"wp:featuredmedia":[{"embeddable":true,"href":"https:\/\/wgphoto.pl\/t\/index.php?rest_route=\/wp\/v2\/media\/21743"}],"wp:attachment":[{"href":"https:\/\/wgphoto.pl\/t\/index.php?rest_route=%2Fwp%2Fv2%2Fmedia&parent=21742"}],"wp:term":[{"taxonomy":"category","embeddable":true,"href":"https:\/\/wgphoto.pl\/t\/index.php?rest_route=%2Fwp%2Fv2%2Fcategories&post=21742"},{"taxonomy":"post_tag","embeddable":true,"href":"https:\/\/wgphoto.pl\/t\/index.php?rest_route=%2Fwp%2Fv2%2Ftags&post=21742"}],"curies":[{"name":"wp","href":"https:\/\/api.w.org\/{rel}","templated":true}]}}