{"id":21751,"date":"2025-08-31T15:35:43","date_gmt":"2025-08-31T13:35:43","guid":{"rendered":"https:\/\/wgphoto.pl\/t\/?p=21751"},"modified":"2025-08-31T15:35:43","modified_gmt":"2025-08-31T13:35:43","slug":"w-glucholazach-nadzwyczaj-tlumnie","status":"publish","type":"post","link":"https:\/\/wgphoto.pl\/t\/?p=21751","title":{"rendered":"W G\u0142ucho\u0142azach nadzwyczaj t\u0142umnie"},"content":{"rendered":"\n<figure class=\"wp-block-image aligncenter size-full\"><img loading=\"lazy\" decoding=\"async\" width=\"1300\" height=\"975\" src=\"https:\/\/wgphoto.pl\/t\/wp-content\/uploads\/2025\/08\/DSCF1283.jpg\" alt=\"\" class=\"wp-image-21752\" srcset=\"https:\/\/wgphoto.pl\/t\/wp-content\/uploads\/2025\/08\/DSCF1283.jpg 1300w, https:\/\/wgphoto.pl\/t\/wp-content\/uploads\/2025\/08\/DSCF1283-300x225.jpg 300w, https:\/\/wgphoto.pl\/t\/wp-content\/uploads\/2025\/08\/DSCF1283-768x576.jpg 768w\" sizes=\"auto, (max-width: 1300px) 100vw, 1300px\" \/><\/figure>\n\n\n\n<div class=\"wp-block-group has-global-padding is-layout-constrained wp-block-group-is-layout-constrained\">\n<div class=\"wp-block-group has-global-padding is-layout-constrained wp-block-group-is-layout-constrained\">\n<p>SU45-079 z poci\u0105giem specjalnym do Wroc\u0142awia, zorganizowanym przez KSK, przygotowuje si\u0119 do odjazdu z G\u0142ucho\u0142az. 30.08.2025<\/p>\n<\/div>\n<\/div>\n","protected":false},"excerpt":{"rendered":"<p>SU45-079 z poci\u0105giem specjalnym do Wroc\u0142awia, zorganizowanym przez KSK, przygotowuje si\u0119 do odjazdu z G\u0142ucho\u0142az. 30.08.2025<\/p>\n","protected":false},"author":1,"featured_media":21752,"comment_status":"open","ping_status":"","sticky":false,"template":"","format":"standard","meta":{"footnotes":""},"categories":[2,3208],"tags":[4491,165,114,201,27,139,202,290,53,166],"class_list":["post-21751","post","type-post","status-publish","format-standard","has-post-thumbnail","hentry","category-kolej","category-rok-2025","tag-2025-08-30","tag-glucholazy","tag-gory","tag-ksk","tag-polska","tag-retro","tag-specjalny","tag-su45","tag-sygnalizacja-ksztaltowa","tag-tab-pl203"],"_links":{"self":[{"href":"https:\/\/wgphoto.pl\/t\/index.php?rest_route=\/wp\/v2\/posts\/21751","targetHints":{"allow":["GET"]}}],"collection":[{"href":"https:\/\/wgphoto.pl\/t\/index.php?rest_route=\/wp\/v2\/posts"}],"about":[{"href":"https:\/\/wgphoto.pl\/t\/index.php?rest_route=\/wp\/v2\/types\/post"}],"author":[{"embeddable":true,"href":"https:\/\/wgphoto.pl\/t\/index.php?rest_route=\/wp\/v2\/users\/1"}],"replies":[{"embeddable":true,"href":"https:\/\/wgphoto.pl\/t\/index.php?rest_route=%2Fwp%2Fv2%2Fcomments&post=21751"}],"version-history":[{"count":1,"href":"https:\/\/wgphoto.pl\/t\/index.php?rest_route=\/wp\/v2\/posts\/21751\/revisions"}],"predecessor-version":[{"id":21753,"href":"https:\/\/wgphoto.pl\/t\/index.php?rest_route=\/wp\/v2\/posts\/21751\/revisions\/21753"}],"wp:featuredmedia":[{"embeddable":true,"href":"https:\/\/wgphoto.pl\/t\/index.php?rest_route=\/wp\/v2\/media\/21752"}],"wp:attachment":[{"href":"https:\/\/wgphoto.pl\/t\/index.php?rest_route=%2Fwp%2Fv2%2Fmedia&parent=21751"}],"wp:term":[{"taxonomy":"category","embeddable":true,"href":"https:\/\/wgphoto.pl\/t\/index.php?rest_route=%2Fwp%2Fv2%2Fcategories&post=21751"},{"taxonomy":"post_tag","embeddable":true,"href":"https:\/\/wgphoto.pl\/t\/index.php?rest_route=%2Fwp%2Fv2%2Ftags&post=21751"}],"curies":[{"name":"wp","href":"https:\/\/api.w.org\/{rel}","templated":true}]}}