{"id":21754,"date":"2025-08-31T15:45:21","date_gmt":"2025-08-31T13:45:21","guid":{"rendered":"https:\/\/wgphoto.pl\/t\/?p=21754"},"modified":"2025-08-31T15:45:21","modified_gmt":"2025-08-31T13:45:21","slug":"swiatlo-sie-skonczylo","status":"publish","type":"post","link":"https:\/\/wgphoto.pl\/t\/?p=21754","title":{"rendered":"\u015awiat\u0142o si\u0119 sko\u0144czy\u0142o"},"content":{"rendered":"\n<figure class=\"wp-block-image aligncenter size-full\"><img loading=\"lazy\" decoding=\"async\" width=\"1399\" height=\"933\" src=\"https:\/\/wgphoto.pl\/t\/wp-content\/uploads\/2025\/08\/DSCF1332.jpg\" alt=\"\" class=\"wp-image-21755\" srcset=\"https:\/\/wgphoto.pl\/t\/wp-content\/uploads\/2025\/08\/DSCF1332.jpg 1399w, https:\/\/wgphoto.pl\/t\/wp-content\/uploads\/2025\/08\/DSCF1332-300x200.jpg 300w, https:\/\/wgphoto.pl\/t\/wp-content\/uploads\/2025\/08\/DSCF1332-768x512.jpg 768w\" sizes=\"auto, (max-width: 1399px) 100vw, 1399px\" \/><\/figure>\n\n\n\n<div class=\"wp-block-group has-global-padding is-layout-constrained wp-block-group-is-layout-constrained\">\n<p>48WEc-030 jako poci\u0105g osobowy z Wroc\u0142awia G\u0142\u00f3wnego do K\u0142odzka Miasta na szlaku Starcz\u00f3w &#8211; Kamieniec Z\u0105bkowicki. Niestety \u015bwiat\u0142o ju\u017c by\u0142o mizerne, ale przynajmniej rozpozna\u0142em teren. 30.08.2025<\/p>\n<\/div>\n","protected":false},"excerpt":{"rendered":"<p>48WEc-030 jako poci\u0105g osobowy z Wroc\u0142awia G\u0142\u00f3wnego do K\u0142odzka Miasta na szlaku Starcz\u00f3w &#8211; Kamieniec Z\u0105bkowicki. Niestety \u015bwiat\u0142o ju\u017c by\u0142o mizerne, ale przynajmniej rozpozna\u0142em teren. 30.08.2025<\/p>\n","protected":false},"author":1,"featured_media":21755,"comment_status":"open","ping_status":"","sticky":false,"template":"","format":"standard","meta":{"footnotes":""},"categories":[2,3208],"tags":[4491,114,2274,402,1613,653,383],"class_list":["post-21754","post","type-post","status-publish","format-standard","has-post-thumbnail","hentry","category-kolej","category-rok-2025","tag-2025-08-30","tag-gory","tag-kamieniec-zabkowicki","tag-kd","tag-pesa-elf","tag-starczow","tag-tab-pl230"],"_links":{"self":[{"href":"https:\/\/wgphoto.pl\/t\/index.php?rest_route=\/wp\/v2\/posts\/21754","targetHints":{"allow":["GET"]}}],"collection":[{"href":"https:\/\/wgphoto.pl\/t\/index.php?rest_route=\/wp\/v2\/posts"}],"about":[{"href":"https:\/\/wgphoto.pl\/t\/index.php?rest_route=\/wp\/v2\/types\/post"}],"author":[{"embeddable":true,"href":"https:\/\/wgphoto.pl\/t\/index.php?rest_route=\/wp\/v2\/users\/1"}],"replies":[{"embeddable":true,"href":"https:\/\/wgphoto.pl\/t\/index.php?rest_route=%2Fwp%2Fv2%2Fcomments&post=21754"}],"version-history":[{"count":1,"href":"https:\/\/wgphoto.pl\/t\/index.php?rest_route=\/wp\/v2\/posts\/21754\/revisions"}],"predecessor-version":[{"id":21756,"href":"https:\/\/wgphoto.pl\/t\/index.php?rest_route=\/wp\/v2\/posts\/21754\/revisions\/21756"}],"wp:featuredmedia":[{"embeddable":true,"href":"https:\/\/wgphoto.pl\/t\/index.php?rest_route=\/wp\/v2\/media\/21755"}],"wp:attachment":[{"href":"https:\/\/wgphoto.pl\/t\/index.php?rest_route=%2Fwp%2Fv2%2Fmedia&parent=21754"}],"wp:term":[{"taxonomy":"category","embeddable":true,"href":"https:\/\/wgphoto.pl\/t\/index.php?rest_route=%2Fwp%2Fv2%2Fcategories&post=21754"},{"taxonomy":"post_tag","embeddable":true,"href":"https:\/\/wgphoto.pl\/t\/index.php?rest_route=%2Fwp%2Fv2%2Ftags&post=21754"}],"curies":[{"name":"wp","href":"https:\/\/api.w.org\/{rel}","templated":true}]}}