{"id":21761,"date":"2025-09-05T18:11:56","date_gmt":"2025-09-05T16:11:56","guid":{"rendered":"https:\/\/wgphoto.pl\/t\/?p=21761"},"modified":"2025-09-05T18:11:56","modified_gmt":"2025-09-05T16:11:56","slug":"kassel-hbf-tief-po-raz-drugi","status":"publish","type":"post","link":"https:\/\/wgphoto.pl\/t\/?p=21761","title":{"rendered":"Kassel Hbf (tief) po raz drugi"},"content":{"rendered":"\n<figure class=\"wp-block-image aligncenter size-full\"><img loading=\"lazy\" decoding=\"async\" width=\"1400\" height=\"965\" src=\"https:\/\/wgphoto.pl\/t\/wp-content\/uploads\/2025\/09\/IMGP3842.jpg\" alt=\"\" class=\"wp-image-21762\" srcset=\"https:\/\/wgphoto.pl\/t\/wp-content\/uploads\/2025\/09\/IMGP3842.jpg 1400w, https:\/\/wgphoto.pl\/t\/wp-content\/uploads\/2025\/09\/IMGP3842-300x207.jpg 300w, https:\/\/wgphoto.pl\/t\/wp-content\/uploads\/2025\/09\/IMGP3842-768x529.jpg 768w\" sizes=\"auto, (max-width: 1400px) 100vw, 1400px\" \/><\/figure>\n\n\n\n<div class=\"wp-block-group has-global-padding is-layout-constrained wp-block-group-is-layout-constrained\">\n<p>Regio Citadis nr 703 oczekuje pory odjazdu na \u015brodkowym torze dolnych (tramwajowych) peron\u00f3w dworca Kassel Hbf. Dzi\u0119ki nieparzysto\u015bci tor\u00f3w mo\u017cliwy jest do realizacji kadr symetryczny, a atrakcyjne tylko podkre\u015bla bardzo atrakcyjny moim zdaniem efekt. 16.09.2023<\/p>\n<\/div>\n","protected":false},"excerpt":{"rendered":"<p>Regio Citadis nr 703 oczekuje pory odjazdu na \u015brodkowym torze dolnych (tramwajowych) peron\u00f3w dworca Kassel Hbf. Dzi\u0119ki nieparzysto\u015bci tor\u00f3w mo\u017cliwy jest do realizacji kadr symetryczny, a atrakcyjne tylko podkre\u015bla bardzo atrakcyjny moim zdaniem efekt. 16.09.2023<\/p>\n","protected":false},"author":1,"featured_media":21762,"comment_status":"open","ping_status":"","sticky":false,"template":"","format":"standard","meta":{"footnotes":""},"categories":[6,3],"tags":[209,559,179,1336,3495,173,23,154,1004,1155,223,1153],"class_list":["post-21761","post","type-post","status-publish","format-standard","has-post-thumbnail","hentry","category-2023r","category-tramwaj","tag-2023-09-16","tag-d-ticket-2023","tag-hala-peronowa","tag-kassel","tag-kassel-hauptbahnhof","tag-koncowki","tag-niemcy","tag-noc","tag-regio-citadis","tag-regiotram-kassel","tag-symetria","tag-tramwaj-regionalny"],"_links":{"self":[{"href":"https:\/\/wgphoto.pl\/t\/index.php?rest_route=\/wp\/v2\/posts\/21761","targetHints":{"allow":["GET"]}}],"collection":[{"href":"https:\/\/wgphoto.pl\/t\/index.php?rest_route=\/wp\/v2\/posts"}],"about":[{"href":"https:\/\/wgphoto.pl\/t\/index.php?rest_route=\/wp\/v2\/types\/post"}],"author":[{"embeddable":true,"href":"https:\/\/wgphoto.pl\/t\/index.php?rest_route=\/wp\/v2\/users\/1"}],"replies":[{"embeddable":true,"href":"https:\/\/wgphoto.pl\/t\/index.php?rest_route=%2Fwp%2Fv2%2Fcomments&post=21761"}],"version-history":[{"count":1,"href":"https:\/\/wgphoto.pl\/t\/index.php?rest_route=\/wp\/v2\/posts\/21761\/revisions"}],"predecessor-version":[{"id":21763,"href":"https:\/\/wgphoto.pl\/t\/index.php?rest_route=\/wp\/v2\/posts\/21761\/revisions\/21763"}],"wp:featuredmedia":[{"embeddable":true,"href":"https:\/\/wgphoto.pl\/t\/index.php?rest_route=\/wp\/v2\/media\/21762"}],"wp:attachment":[{"href":"https:\/\/wgphoto.pl\/t\/index.php?rest_route=%2Fwp%2Fv2%2Fmedia&parent=21761"}],"wp:term":[{"taxonomy":"category","embeddable":true,"href":"https:\/\/wgphoto.pl\/t\/index.php?rest_route=%2Fwp%2Fv2%2Fcategories&post=21761"},{"taxonomy":"post_tag","embeddable":true,"href":"https:\/\/wgphoto.pl\/t\/index.php?rest_route=%2Fwp%2Fv2%2Ftags&post=21761"}],"curies":[{"name":"wp","href":"https:\/\/api.w.org\/{rel}","templated":true}]}}