{"id":21776,"date":"2025-09-05T18:18:16","date_gmt":"2025-09-05T16:18:16","guid":{"rendered":"https:\/\/wgphoto.pl\/t\/?p=21776"},"modified":"2025-09-05T18:18:16","modified_gmt":"2025-09-05T16:18:16","slug":"102na-g-089","status":"publish","type":"post","link":"https:\/\/wgphoto.pl\/t\/?p=21776","title":{"rendered":"102Na G-089"},"content":{"rendered":"\n<figure class=\"wp-block-image aligncenter size-full\"><img loading=\"lazy\" decoding=\"async\" width=\"1400\" height=\"927\" src=\"https:\/\/wgphoto.pl\/t\/wp-content\/uploads\/2025\/09\/2000i-34_rsn.jpg\" alt=\"\" class=\"wp-image-21777\" srcset=\"https:\/\/wgphoto.pl\/t\/wp-content\/uploads\/2025\/09\/2000i-34_rsn.jpg 1400w, https:\/\/wgphoto.pl\/t\/wp-content\/uploads\/2025\/09\/2000i-34_rsn-300x199.jpg 300w, https:\/\/wgphoto.pl\/t\/wp-content\/uploads\/2025\/09\/2000i-34_rsn-768x509.jpg 768w\" sizes=\"auto, (max-width: 1400px) 100vw, 1400px\" \/><\/figure>\n\n\n\n<div class=\"wp-block-group has-global-padding is-layout-constrained wp-block-group-is-layout-constrained\">\n<p>Dwukierunkowa stodw\u00f3jka G-089 wyje\u017cd\u017ca z zajezdni Borek we Wroc\u0142awiu. 01.09.2000<\/p>\n<\/div>\n","protected":false},"excerpt":{"rendered":"<p>Dwukierunkowa stodw\u00f3jka G-089 wyje\u017cd\u017ca z zajezdni Borek we Wroc\u0142awiu. 01.09.2000<\/p>\n","protected":false},"author":1,"featured_media":21777,"comment_status":"open","ping_status":"","sticky":false,"template":"","format":"standard","meta":{"footnotes":""},"categories":[62,1099,3],"tags":[4493,309,42,27,41,138],"class_list":["post-21776","post","type-post","status-publish","format-standard","has-post-thumbnail","hentry","category-analog","category-rok-2000","category-tramwaj","tag-2000-09-01","tag-konstal-102na","tag-mpk-wroclaw","tag-polska","tag-wroclaw","tag-zajezdnia"],"_links":{"self":[{"href":"https:\/\/wgphoto.pl\/t\/index.php?rest_route=\/wp\/v2\/posts\/21776","targetHints":{"allow":["GET"]}}],"collection":[{"href":"https:\/\/wgphoto.pl\/t\/index.php?rest_route=\/wp\/v2\/posts"}],"about":[{"href":"https:\/\/wgphoto.pl\/t\/index.php?rest_route=\/wp\/v2\/types\/post"}],"author":[{"embeddable":true,"href":"https:\/\/wgphoto.pl\/t\/index.php?rest_route=\/wp\/v2\/users\/1"}],"replies":[{"embeddable":true,"href":"https:\/\/wgphoto.pl\/t\/index.php?rest_route=%2Fwp%2Fv2%2Fcomments&post=21776"}],"version-history":[{"count":1,"href":"https:\/\/wgphoto.pl\/t\/index.php?rest_route=\/wp\/v2\/posts\/21776\/revisions"}],"predecessor-version":[{"id":21778,"href":"https:\/\/wgphoto.pl\/t\/index.php?rest_route=\/wp\/v2\/posts\/21776\/revisions\/21778"}],"wp:featuredmedia":[{"embeddable":true,"href":"https:\/\/wgphoto.pl\/t\/index.php?rest_route=\/wp\/v2\/media\/21777"}],"wp:attachment":[{"href":"https:\/\/wgphoto.pl\/t\/index.php?rest_route=%2Fwp%2Fv2%2Fmedia&parent=21776"}],"wp:term":[{"taxonomy":"category","embeddable":true,"href":"https:\/\/wgphoto.pl\/t\/index.php?rest_route=%2Fwp%2Fv2%2Fcategories&post=21776"},{"taxonomy":"post_tag","embeddable":true,"href":"https:\/\/wgphoto.pl\/t\/index.php?rest_route=%2Fwp%2Fv2%2Ftags&post=21776"}],"curies":[{"name":"wp","href":"https:\/\/api.w.org\/{rel}","templated":true}]}}