{"id":21779,"date":"2025-09-05T18:19:00","date_gmt":"2025-09-05T16:19:00","guid":{"rendered":"https:\/\/wgphoto.pl\/t\/?p=21779"},"modified":"2025-09-05T18:19:00","modified_gmt":"2025-09-05T16:19:00","slug":"przyspiesza","status":"publish","type":"post","link":"https:\/\/wgphoto.pl\/t\/?p=21779","title":{"rendered":"Przyspiesza"},"content":{"rendered":"\n<figure class=\"wp-block-image aligncenter size-full\"><img loading=\"lazy\" decoding=\"async\" width=\"1400\" height=\"927\" src=\"https:\/\/wgphoto.pl\/t\/wp-content\/uploads\/2025\/09\/2000i-35_rsn.jpg\" alt=\"\" class=\"wp-image-21780\" srcset=\"https:\/\/wgphoto.pl\/t\/wp-content\/uploads\/2025\/09\/2000i-35_rsn.jpg 1400w, https:\/\/wgphoto.pl\/t\/wp-content\/uploads\/2025\/09\/2000i-35_rsn-300x199.jpg 300w, https:\/\/wgphoto.pl\/t\/wp-content\/uploads\/2025\/09\/2000i-35_rsn-768x509.jpg 768w\" sizes=\"auto, (max-width: 1400px) 100vw, 1400px\" \/><\/figure>\n\n\n\n<div class=\"wp-block-group has-global-padding is-layout-constrained wp-block-group-is-layout-constrained\">\n<p>Wroc\u0142aw, ul. Powsta\u0144c\u00f3w \u015al\u0105skich. Zgodnie z has\u0142em reklamowym, 105Na 2414+2413 przyspiesza. 01.09.2000<\/p>\n<\/div>\n","protected":false},"excerpt":{"rendered":"<p>Wroc\u0142aw, ul. Powsta\u0144c\u00f3w \u015al\u0105skich. Zgodnie z has\u0142em reklamowym, 105Na 2414+2413 przyspiesza. 01.09.2000<\/p>\n","protected":false},"author":1,"featured_media":21780,"comment_status":"open","ping_status":"","sticky":false,"template":"","format":"standard","meta":{"footnotes":""},"categories":[62,1099,3],"tags":[155,4493,42,27,41],"class_list":["post-21779","post","type-post","status-publish","format-standard","has-post-thumbnail","hentry","category-analog","category-rok-2000","category-tramwaj","tag-105na","tag-2000-09-01","tag-mpk-wroclaw","tag-polska","tag-wroclaw"],"_links":{"self":[{"href":"https:\/\/wgphoto.pl\/t\/index.php?rest_route=\/wp\/v2\/posts\/21779","targetHints":{"allow":["GET"]}}],"collection":[{"href":"https:\/\/wgphoto.pl\/t\/index.php?rest_route=\/wp\/v2\/posts"}],"about":[{"href":"https:\/\/wgphoto.pl\/t\/index.php?rest_route=\/wp\/v2\/types\/post"}],"author":[{"embeddable":true,"href":"https:\/\/wgphoto.pl\/t\/index.php?rest_route=\/wp\/v2\/users\/1"}],"replies":[{"embeddable":true,"href":"https:\/\/wgphoto.pl\/t\/index.php?rest_route=%2Fwp%2Fv2%2Fcomments&post=21779"}],"version-history":[{"count":1,"href":"https:\/\/wgphoto.pl\/t\/index.php?rest_route=\/wp\/v2\/posts\/21779\/revisions"}],"predecessor-version":[{"id":21781,"href":"https:\/\/wgphoto.pl\/t\/index.php?rest_route=\/wp\/v2\/posts\/21779\/revisions\/21781"}],"wp:featuredmedia":[{"embeddable":true,"href":"https:\/\/wgphoto.pl\/t\/index.php?rest_route=\/wp\/v2\/media\/21780"}],"wp:attachment":[{"href":"https:\/\/wgphoto.pl\/t\/index.php?rest_route=%2Fwp%2Fv2%2Fmedia&parent=21779"}],"wp:term":[{"taxonomy":"category","embeddable":true,"href":"https:\/\/wgphoto.pl\/t\/index.php?rest_route=%2Fwp%2Fv2%2Fcategories&post=21779"},{"taxonomy":"post_tag","embeddable":true,"href":"https:\/\/wgphoto.pl\/t\/index.php?rest_route=%2Fwp%2Fv2%2Ftags&post=21779"}],"curies":[{"name":"wp","href":"https:\/\/api.w.org\/{rel}","templated":true}]}}