{"id":21785,"date":"2025-09-05T18:20:30","date_gmt":"2025-09-05T16:20:30","guid":{"rendered":"https:\/\/wgphoto.pl\/t\/?p=21785"},"modified":"2025-09-05T18:20:30","modified_gmt":"2025-09-05T16:20:30","slug":"su45-180-klodzko-glowne","status":"publish","type":"post","link":"https:\/\/wgphoto.pl\/t\/?p=21785","title":{"rendered":"SU45-180, K\u0142odzko G\u0142\u00f3wne"},"content":{"rendered":"\n<figure class=\"wp-block-image aligncenter size-full\"><img loading=\"lazy\" decoding=\"async\" width=\"1400\" height=\"927\" src=\"https:\/\/wgphoto.pl\/t\/wp-content\/uploads\/2025\/09\/0525-11_rsn.jpg\" alt=\"\" class=\"wp-image-21786\" srcset=\"https:\/\/wgphoto.pl\/t\/wp-content\/uploads\/2025\/09\/0525-11_rsn.jpg 1400w, https:\/\/wgphoto.pl\/t\/wp-content\/uploads\/2025\/09\/0525-11_rsn-300x199.jpg 300w, https:\/\/wgphoto.pl\/t\/wp-content\/uploads\/2025\/09\/0525-11_rsn-768x509.jpg 768w\" sizes=\"auto, (max-width: 1400px) 100vw, 1400px\" \/><\/figure>\n\n\n\n<div class=\"wp-block-group has-global-padding is-layout-constrained wp-block-group-is-layout-constrained\">\n<p>SU45-180 manewruje podczas zmiany kierunku jazdy przy poci\u0105gu pospiesznym 63510 &#8222;\u015anie\u017cka&#8221; z Jeleniej G\u00f3ry do Krakowa G\u0142\u00f3wnego. K\u0142odzko G\u0142\u00f3wne, 04.09.2005<\/p>\n<\/div>\n","protected":false},"excerpt":{"rendered":"<p>SU45-180 manewruje podczas zmiany kierunku jazdy przy poci\u0105gu pospiesznym 63510 &#8222;\u015anie\u017cka&#8221; z Jeleniej G\u00f3ry do Krakowa G\u0142\u00f3wnego. K\u0142odzko G\u0142\u00f3wne, 04.09.2005<\/p>\n","protected":false},"author":1,"featured_media":21786,"comment_status":"open","ping_status":"","sticky":false,"template":"","format":"standard","meta":{"footnotes":""},"categories":[62,2,311],"tags":[4494,2392,63,27,290,383,391],"class_list":["post-21785","post","type-post","status-publish","format-standard","has-post-thumbnail","hentry","category-analog","category-kolej","category-rok-2005","tag-2005-09-04","tag-klodzko-glowne","tag-pkp","tag-polska","tag-su45","tag-tab-pl230","tag-tab-pl245"],"_links":{"self":[{"href":"https:\/\/wgphoto.pl\/t\/index.php?rest_route=\/wp\/v2\/posts\/21785","targetHints":{"allow":["GET"]}}],"collection":[{"href":"https:\/\/wgphoto.pl\/t\/index.php?rest_route=\/wp\/v2\/posts"}],"about":[{"href":"https:\/\/wgphoto.pl\/t\/index.php?rest_route=\/wp\/v2\/types\/post"}],"author":[{"embeddable":true,"href":"https:\/\/wgphoto.pl\/t\/index.php?rest_route=\/wp\/v2\/users\/1"}],"replies":[{"embeddable":true,"href":"https:\/\/wgphoto.pl\/t\/index.php?rest_route=%2Fwp%2Fv2%2Fcomments&post=21785"}],"version-history":[{"count":1,"href":"https:\/\/wgphoto.pl\/t\/index.php?rest_route=\/wp\/v2\/posts\/21785\/revisions"}],"predecessor-version":[{"id":21787,"href":"https:\/\/wgphoto.pl\/t\/index.php?rest_route=\/wp\/v2\/posts\/21785\/revisions\/21787"}],"wp:featuredmedia":[{"embeddable":true,"href":"https:\/\/wgphoto.pl\/t\/index.php?rest_route=\/wp\/v2\/media\/21786"}],"wp:attachment":[{"href":"https:\/\/wgphoto.pl\/t\/index.php?rest_route=%2Fwp%2Fv2%2Fmedia&parent=21785"}],"wp:term":[{"taxonomy":"category","embeddable":true,"href":"https:\/\/wgphoto.pl\/t\/index.php?rest_route=%2Fwp%2Fv2%2Fcategories&post=21785"},{"taxonomy":"post_tag","embeddable":true,"href":"https:\/\/wgphoto.pl\/t\/index.php?rest_route=%2Fwp%2Fv2%2Ftags&post=21785"}],"curies":[{"name":"wp","href":"https:\/\/api.w.org\/{rel}","templated":true}]}}