{"id":21793,"date":"2025-09-06T12:38:17","date_gmt":"2025-09-06T10:38:17","guid":{"rendered":"https:\/\/wgphoto.pl\/t\/?p=21793"},"modified":"2025-09-06T12:38:17","modified_gmt":"2025-09-06T10:38:17","slug":"czarny-kot","status":"publish","type":"post","link":"https:\/\/wgphoto.pl\/t\/?p=21793","title":{"rendered":"Czarny kot"},"content":{"rendered":"\n<figure class=\"wp-block-image aligncenter size-full\"><img loading=\"lazy\" decoding=\"async\" width=\"1400\" height=\"937\" src=\"https:\/\/wgphoto.pl\/t\/wp-content\/uploads\/2025\/09\/IMGP7360.jpg\" alt=\"\" class=\"wp-image-21794\" srcset=\"https:\/\/wgphoto.pl\/t\/wp-content\/uploads\/2025\/09\/IMGP7360.jpg 1400w, https:\/\/wgphoto.pl\/t\/wp-content\/uploads\/2025\/09\/IMGP7360-300x201.jpg 300w, https:\/\/wgphoto.pl\/t\/wp-content\/uploads\/2025\/09\/IMGP7360-768x514.jpg 768w\" sizes=\"auto, (max-width: 1400px) 100vw, 1400px\" \/><\/figure>\n\n\n\n<div class=\"wp-block-group has-global-padding is-layout-constrained wp-block-group-is-layout-constrained\">\n<p>Lizbona, Travessa de S\u00e3o Tom\u00e9. Wagon nr 542 na po\u0142\u0105czeniu tras linii 28 i 12, przy czym 28 kursuje w dw\u00f3ch kierunkach, a 12 tylko w jednym. Z pewnym zaskoczeniem zauwa\u017cy\u0142em na obecnym schemacie, \u017ce dobudowano w tym miejscu drugi tor dla linii 28. 06.09.2010<\/p>\n<\/div>\n","protected":false},"excerpt":{"rendered":"<p>Lizbona, Travessa de S\u00e3o Tom\u00e9. Wagon nr 542 na po\u0142\u0105czeniu tras linii 28 i 12, przy czym 28 kursuje w dw\u00f3ch kierunkach, a 12 tylko w jednym. Z pewnym zaskoczeniem zauwa\u017cy\u0142em na obecnym schemacie, \u017ce dobudowano w tym miejscu drugi tor dla linii 28. 06.09.2010<\/p>\n","protected":false},"author":1,"featured_media":21794,"comment_status":"open","ping_status":"","sticky":false,"template":"","format":"standard","meta":{"footnotes":""},"categories":[86,3],"tags":[300,299,298,118,297,588,1555],"class_list":["post-21793","post","type-post","status-publish","format-standard","has-post-thumbnail","hentry","category-rok-2010","category-tramwaj","tag-2010-09-06","tag-carris-lisboa","tag-lizbona","tag-plany-i-profile","tag-portugalia","tag-remodelado","tag-zwierzyna"],"_links":{"self":[{"href":"https:\/\/wgphoto.pl\/t\/index.php?rest_route=\/wp\/v2\/posts\/21793","targetHints":{"allow":["GET"]}}],"collection":[{"href":"https:\/\/wgphoto.pl\/t\/index.php?rest_route=\/wp\/v2\/posts"}],"about":[{"href":"https:\/\/wgphoto.pl\/t\/index.php?rest_route=\/wp\/v2\/types\/post"}],"author":[{"embeddable":true,"href":"https:\/\/wgphoto.pl\/t\/index.php?rest_route=\/wp\/v2\/users\/1"}],"replies":[{"embeddable":true,"href":"https:\/\/wgphoto.pl\/t\/index.php?rest_route=%2Fwp%2Fv2%2Fcomments&post=21793"}],"version-history":[{"count":1,"href":"https:\/\/wgphoto.pl\/t\/index.php?rest_route=\/wp\/v2\/posts\/21793\/revisions"}],"predecessor-version":[{"id":21795,"href":"https:\/\/wgphoto.pl\/t\/index.php?rest_route=\/wp\/v2\/posts\/21793\/revisions\/21795"}],"wp:featuredmedia":[{"embeddable":true,"href":"https:\/\/wgphoto.pl\/t\/index.php?rest_route=\/wp\/v2\/media\/21794"}],"wp:attachment":[{"href":"https:\/\/wgphoto.pl\/t\/index.php?rest_route=%2Fwp%2Fv2%2Fmedia&parent=21793"}],"wp:term":[{"taxonomy":"category","embeddable":true,"href":"https:\/\/wgphoto.pl\/t\/index.php?rest_route=%2Fwp%2Fv2%2Fcategories&post=21793"},{"taxonomy":"post_tag","embeddable":true,"href":"https:\/\/wgphoto.pl\/t\/index.php?rest_route=%2Fwp%2Fv2%2Ftags&post=21793"}],"curies":[{"name":"wp","href":"https:\/\/api.w.org\/{rel}","templated":true}]}}