{"id":21796,"date":"2025-09-06T12:44:04","date_gmt":"2025-09-06T10:44:04","guid":{"rendered":"https:\/\/wgphoto.pl\/t\/?p=21796"},"modified":"2025-09-06T12:44:04","modified_gmt":"2025-09-06T10:44:04","slug":"odjazd-z-nowej-rudy","status":"publish","type":"post","link":"https:\/\/wgphoto.pl\/t\/?p=21796","title":{"rendered":"Odjazd z Nowej Rudy"},"content":{"rendered":"\n<figure class=\"wp-block-image aligncenter size-full\"><img loading=\"lazy\" decoding=\"async\" width=\"1400\" height=\"927\" src=\"https:\/\/wgphoto.pl\/t\/wp-content\/uploads\/2025\/09\/0422-12_rsn.jpg\" alt=\"\" class=\"wp-image-21797\" srcset=\"https:\/\/wgphoto.pl\/t\/wp-content\/uploads\/2025\/09\/0422-12_rsn.jpg 1400w, https:\/\/wgphoto.pl\/t\/wp-content\/uploads\/2025\/09\/0422-12_rsn-300x199.jpg 300w, https:\/\/wgphoto.pl\/t\/wp-content\/uploads\/2025\/09\/0422-12_rsn-768x509.jpg 768w\" sizes=\"auto, (max-width: 1400px) 100vw, 1400px\" \/><\/figure>\n\n\n\n<div class=\"wp-block-group has-global-padding is-layout-constrained wp-block-group-is-layout-constrained\">\n<p>SP42-208 pyrka na odje\u017adzie z Nowej Rudy z poci\u0105giem osobowym 8036 z Wa\u0142brzycha G\u0142. do K\u0142odzka G\u0142. 28.08.2004<\/p>\n<\/div>\n","protected":false},"excerpt":{"rendered":"<p>SP42-208 pyrka na odje\u017adzie z Nowej Rudy z poci\u0105giem osobowym 8036 z Wa\u0142brzycha G\u0142. do K\u0142odzka G\u0142. 28.08.2004<\/p>\n","protected":false},"author":1,"featured_media":21797,"comment_status":"open","ping_status":"","sticky":false,"template":"","format":"standard","meta":{"footnotes":""},"categories":[62,2,61],"tags":[4136,173,464,63,27,53,391,265],"class_list":["post-21796","post","type-post","status-publish","format-standard","has-post-thumbnail","hentry","category-analog","category-kolej","category-rok-2004","tag-2004-08-28","tag-koncowki","tag-nowa-ruda","tag-pkp","tag-polska","tag-sygnalizacja-ksztaltowa","tag-tab-pl245","tag-wagon"],"_links":{"self":[{"href":"https:\/\/wgphoto.pl\/t\/index.php?rest_route=\/wp\/v2\/posts\/21796","targetHints":{"allow":["GET"]}}],"collection":[{"href":"https:\/\/wgphoto.pl\/t\/index.php?rest_route=\/wp\/v2\/posts"}],"about":[{"href":"https:\/\/wgphoto.pl\/t\/index.php?rest_route=\/wp\/v2\/types\/post"}],"author":[{"embeddable":true,"href":"https:\/\/wgphoto.pl\/t\/index.php?rest_route=\/wp\/v2\/users\/1"}],"replies":[{"embeddable":true,"href":"https:\/\/wgphoto.pl\/t\/index.php?rest_route=%2Fwp%2Fv2%2Fcomments&post=21796"}],"version-history":[{"count":1,"href":"https:\/\/wgphoto.pl\/t\/index.php?rest_route=\/wp\/v2\/posts\/21796\/revisions"}],"predecessor-version":[{"id":21798,"href":"https:\/\/wgphoto.pl\/t\/index.php?rest_route=\/wp\/v2\/posts\/21796\/revisions\/21798"}],"wp:featuredmedia":[{"embeddable":true,"href":"https:\/\/wgphoto.pl\/t\/index.php?rest_route=\/wp\/v2\/media\/21797"}],"wp:attachment":[{"href":"https:\/\/wgphoto.pl\/t\/index.php?rest_route=%2Fwp%2Fv2%2Fmedia&parent=21796"}],"wp:term":[{"taxonomy":"category","embeddable":true,"href":"https:\/\/wgphoto.pl\/t\/index.php?rest_route=%2Fwp%2Fv2%2Fcategories&post=21796"},{"taxonomy":"post_tag","embeddable":true,"href":"https:\/\/wgphoto.pl\/t\/index.php?rest_route=%2Fwp%2Fv2%2Ftags&post=21796"}],"curies":[{"name":"wp","href":"https:\/\/api.w.org\/{rel}","templated":true}]}}