{"id":21799,"date":"2025-09-07T13:57:24","date_gmt":"2025-09-07T11:57:24","guid":{"rendered":"https:\/\/wgphoto.pl\/t\/?p=21799"},"modified":"2025-09-07T13:57:24","modified_gmt":"2025-09-07T11:57:24","slug":"dalekie-obiegi-2","status":"publish","type":"post","link":"https:\/\/wgphoto.pl\/t\/?p=21799","title":{"rendered":"Dalekie obiegi"},"content":{"rendered":"\n<figure class=\"wp-block-image aligncenter size-full\"><img loading=\"lazy\" decoding=\"async\" width=\"1400\" height=\"927\" src=\"https:\/\/wgphoto.pl\/t\/wp-content\/uploads\/2025\/09\/2002v-10_rsn.jpg\" alt=\"\" class=\"wp-image-21800\" srcset=\"https:\/\/wgphoto.pl\/t\/wp-content\/uploads\/2025\/09\/2002v-10_rsn.jpg 1400w, https:\/\/wgphoto.pl\/t\/wp-content\/uploads\/2025\/09\/2002v-10_rsn-300x199.jpg 300w, https:\/\/wgphoto.pl\/t\/wp-content\/uploads\/2025\/09\/2002v-10_rsn-768x509.jpg 768w\" sizes=\"auto, (max-width: 1400px) 100vw, 1400px\" \/><\/figure>\n\n\n\n<div class=\"wp-block-group has-global-padding is-layout-constrained wp-block-group-is-layout-constrained\">\n<p>101.143 z poci\u0105giem EC24 &#8222;Franz Liszt&#8221; relacji Budapest D\u00e9li pu. &#8211; K\u00f6ln Hbf mija przystanek Hadersdorf-Weidlingau (obecnie Wien Hadersdorf) na zachodnich rubie\u017cach Wiednia. Niemiecka lokomotywa zosta\u0142a zapi\u0119ta na dworcu Wien Westbahnhof, gdzie zmieni\u0142a austriack\u0105 serii 1014. 07.09.2002<\/p>\n<\/div>\n","protected":false},"excerpt":{"rendered":"<p>101.143 z poci\u0105giem EC24 &#8222;Franz Liszt&#8221; relacji Budapest D\u00e9li pu. &#8211; K\u00f6ln Hbf mija przystanek Hadersdorf-Weidlingau (obecnie Wien Hadersdorf) na zachodnich rubie\u017cach Wiednia. Niemiecka lokomotywa zosta\u0142a zapi\u0119ta na dworcu Wien Westbahnhof, gdzie zmieni\u0142a austriack\u0105 serii 1014. 07.09.2002<\/p>\n","protected":false},"author":1,"featured_media":21800,"comment_status":"open","ping_status":"","sticky":false,"template":"","format":"standard","meta":{"footnotes":""},"categories":[62,2,577],"tags":[578,582,206,249,2321,97],"class_list":["post-21799","post","type-post","status-publish","format-standard","has-post-thumbnail","hentry","category-analog","category-kolej","category-rok-2002","tag-578","tag-2002-09-07","tag-db","tag-goscinne-wystepy","tag-hadersdorf-weidlingau","tag-wieden"],"_links":{"self":[{"href":"https:\/\/wgphoto.pl\/t\/index.php?rest_route=\/wp\/v2\/posts\/21799","targetHints":{"allow":["GET"]}}],"collection":[{"href":"https:\/\/wgphoto.pl\/t\/index.php?rest_route=\/wp\/v2\/posts"}],"about":[{"href":"https:\/\/wgphoto.pl\/t\/index.php?rest_route=\/wp\/v2\/types\/post"}],"author":[{"embeddable":true,"href":"https:\/\/wgphoto.pl\/t\/index.php?rest_route=\/wp\/v2\/users\/1"}],"replies":[{"embeddable":true,"href":"https:\/\/wgphoto.pl\/t\/index.php?rest_route=%2Fwp%2Fv2%2Fcomments&post=21799"}],"version-history":[{"count":1,"href":"https:\/\/wgphoto.pl\/t\/index.php?rest_route=\/wp\/v2\/posts\/21799\/revisions"}],"predecessor-version":[{"id":21801,"href":"https:\/\/wgphoto.pl\/t\/index.php?rest_route=\/wp\/v2\/posts\/21799\/revisions\/21801"}],"wp:featuredmedia":[{"embeddable":true,"href":"https:\/\/wgphoto.pl\/t\/index.php?rest_route=\/wp\/v2\/media\/21800"}],"wp:attachment":[{"href":"https:\/\/wgphoto.pl\/t\/index.php?rest_route=%2Fwp%2Fv2%2Fmedia&parent=21799"}],"wp:term":[{"taxonomy":"category","embeddable":true,"href":"https:\/\/wgphoto.pl\/t\/index.php?rest_route=%2Fwp%2Fv2%2Fcategories&post=21799"},{"taxonomy":"post_tag","embeddable":true,"href":"https:\/\/wgphoto.pl\/t\/index.php?rest_route=%2Fwp%2Fv2%2Ftags&post=21799"}],"curies":[{"name":"wp","href":"https:\/\/api.w.org\/{rel}","templated":true}]}}