{"id":21802,"date":"2025-09-07T13:58:26","date_gmt":"2025-09-07T11:58:26","guid":{"rendered":"https:\/\/wgphoto.pl\/t\/?p=21802"},"modified":"2025-09-07T13:58:26","modified_gmt":"2025-09-07T11:58:26","slug":"1010-013","status":"publish","type":"post","link":"https:\/\/wgphoto.pl\/t\/?p=21802","title":{"rendered":"1010.013"},"content":{"rendered":"\n<figure class=\"wp-block-image aligncenter size-full\"><img loading=\"lazy\" decoding=\"async\" width=\"850\" height=\"1133\" src=\"https:\/\/wgphoto.pl\/t\/wp-content\/uploads\/2025\/09\/2002v-11_rsn.jpg\" alt=\"\" class=\"wp-image-21803\" srcset=\"https:\/\/wgphoto.pl\/t\/wp-content\/uploads\/2025\/09\/2002v-11_rsn.jpg 850w, https:\/\/wgphoto.pl\/t\/wp-content\/uploads\/2025\/09\/2002v-11_rsn-225x300.jpg 225w, https:\/\/wgphoto.pl\/t\/wp-content\/uploads\/2025\/09\/2002v-11_rsn-768x1024.jpg 768w\" sizes=\"auto, (max-width: 850px) 100vw, 850px\" \/><\/figure>\n\n\n\n<div class=\"wp-block-group has-global-padding is-layout-constrained wp-block-group-is-layout-constrained\">\n<p>1010.013 z naczepami i wagonem sypialnym dla kierowc\u00f3w jedzie z Wiednia na zach\u00f3d. Obok trwa budowa nowego wyj\u015bcia Westbahn ze stolicy Austrii. Trasa ta, oddana do u\u017cytku w grudniu 2012 roku, znacz\u0105co skr\u00f3ci\u0142a czas jazdy na odcinku z Wiednia do St. P\u00f6lten. Hadersdorf-Weidlingau, 07.09.2002<\/p>\n<\/div>\n","protected":false},"excerpt":{"rendered":"<p>1010.013 z naczepami i wagonem sypialnym dla kierowc\u00f3w jedzie z Wiednia na zach\u00f3d. Obok trwa budowa nowego wyj\u015bcia Westbahn ze stolicy Austrii. Trasa ta, oddana do u\u017cytku w grudniu 2012 roku, znacz\u0105co skr\u00f3ci\u0142a czas jazdy na odcinku z Wiednia do St. P\u00f6lten. Hadersdorf-Weidlingau, 07.09.2002<\/p>\n","protected":false},"author":1,"featured_media":21803,"comment_status":"open","ping_status":"","sticky":false,"template":"","format":"standard","meta":{"footnotes":""},"categories":[62,2,128,577],"tags":[4496,582,745,2321,11,97],"class_list":["post-21802","post","type-post","status-publish","format-standard","has-post-thumbnail","hentry","category-analog","category-kolej","category-pionowe","category-rok-2002","tag-4496","tag-2002-09-07","tag-budowa","tag-hadersdorf-weidlingau","tag-obb","tag-wieden"],"_links":{"self":[{"href":"https:\/\/wgphoto.pl\/t\/index.php?rest_route=\/wp\/v2\/posts\/21802","targetHints":{"allow":["GET"]}}],"collection":[{"href":"https:\/\/wgphoto.pl\/t\/index.php?rest_route=\/wp\/v2\/posts"}],"about":[{"href":"https:\/\/wgphoto.pl\/t\/index.php?rest_route=\/wp\/v2\/types\/post"}],"author":[{"embeddable":true,"href":"https:\/\/wgphoto.pl\/t\/index.php?rest_route=\/wp\/v2\/users\/1"}],"replies":[{"embeddable":true,"href":"https:\/\/wgphoto.pl\/t\/index.php?rest_route=%2Fwp%2Fv2%2Fcomments&post=21802"}],"version-history":[{"count":1,"href":"https:\/\/wgphoto.pl\/t\/index.php?rest_route=\/wp\/v2\/posts\/21802\/revisions"}],"predecessor-version":[{"id":21804,"href":"https:\/\/wgphoto.pl\/t\/index.php?rest_route=\/wp\/v2\/posts\/21802\/revisions\/21804"}],"wp:featuredmedia":[{"embeddable":true,"href":"https:\/\/wgphoto.pl\/t\/index.php?rest_route=\/wp\/v2\/media\/21803"}],"wp:attachment":[{"href":"https:\/\/wgphoto.pl\/t\/index.php?rest_route=%2Fwp%2Fv2%2Fmedia&parent=21802"}],"wp:term":[{"taxonomy":"category","embeddable":true,"href":"https:\/\/wgphoto.pl\/t\/index.php?rest_route=%2Fwp%2Fv2%2Fcategories&post=21802"},{"taxonomy":"post_tag","embeddable":true,"href":"https:\/\/wgphoto.pl\/t\/index.php?rest_route=%2Fwp%2Fv2%2Ftags&post=21802"}],"curies":[{"name":"wp","href":"https:\/\/api.w.org\/{rel}","templated":true}]}}