{"id":21805,"date":"2025-09-07T13:59:10","date_gmt":"2025-09-07T11:59:10","guid":{"rendered":"https:\/\/wgphoto.pl\/t\/?p=21805"},"modified":"2025-09-07T13:59:10","modified_gmt":"2025-09-07T11:59:10","slug":"nowa-jakosc","status":"publish","type":"post","link":"https:\/\/wgphoto.pl\/t\/?p=21805","title":{"rendered":"Nowa jako\u015b\u0107"},"content":{"rendered":"\n<figure class=\"wp-block-image aligncenter size-full\"><img loading=\"lazy\" decoding=\"async\" width=\"850\" height=\"1133\" src=\"https:\/\/wgphoto.pl\/t\/wp-content\/uploads\/2025\/09\/2002v-13_rsn.jpg\" alt=\"\" class=\"wp-image-21806\" srcset=\"https:\/\/wgphoto.pl\/t\/wp-content\/uploads\/2025\/09\/2002v-13_rsn.jpg 850w, https:\/\/wgphoto.pl\/t\/wp-content\/uploads\/2025\/09\/2002v-13_rsn-225x300.jpg 225w, https:\/\/wgphoto.pl\/t\/wp-content\/uploads\/2025\/09\/2002v-13_rsn-768x1024.jpg 768w\" sizes=\"auto, (max-width: 850px) 100vw, 850px\" \/><\/figure>\n\n\n\n<div class=\"wp-block-group has-global-padding is-layout-constrained wp-block-group-is-layout-constrained\">\n<p>1016.032 z podobnym sk\u0142adem do tego z poprzedniego zdj\u0119cia, ale obs\u0142ug\u0119 trakcyjn\u0105 zapewnia ju\u017c nowa jako\u015b\u0107 austriackich tor\u00f3w &#8211; maszyna 1016.032. Lokomotywa jest poruszona, jak na wszystkich zdj\u0119ciach z serii, ale mimo wszystko po latach mog\u0119 to wyci\u0105gn\u0105\u0107 z szuflady. Hadersdorf-Weidlingau, 07.09.2002<\/p>\n<\/div>\n","protected":false},"excerpt":{"rendered":"<p>1016.032 z podobnym sk\u0142adem do tego z poprzedniego zdj\u0119cia, ale obs\u0142ug\u0119 trakcyjn\u0105 zapewnia ju\u017c nowa jako\u015b\u0107 austriackich tor\u00f3w &#8211; maszyna 1016.032. Lokomotywa jest poruszona, jak na wszystkich zdj\u0119ciach z serii, ale mimo wszystko po latach mog\u0119 to wyci\u0105gn\u0105\u0107 z szuflady. Hadersdorf-Weidlingau, 07.09.2002<\/p>\n","protected":false},"author":1,"featured_media":21806,"comment_status":"open","ping_status":"","sticky":false,"template":"","format":"standard","meta":{"footnotes":""},"categories":[62,2,128,577],"tags":[3968,582,745,2321,11,119,97],"class_list":["post-21805","post","type-post","status-publish","format-standard","has-post-thumbnail","hentry","category-analog","category-kolej","category-pionowe","category-rok-2002","tag-3968","tag-2002-09-07","tag-budowa","tag-hadersdorf-weidlingau","tag-obb","tag-siemens-taurus","tag-wieden"],"_links":{"self":[{"href":"https:\/\/wgphoto.pl\/t\/index.php?rest_route=\/wp\/v2\/posts\/21805","targetHints":{"allow":["GET"]}}],"collection":[{"href":"https:\/\/wgphoto.pl\/t\/index.php?rest_route=\/wp\/v2\/posts"}],"about":[{"href":"https:\/\/wgphoto.pl\/t\/index.php?rest_route=\/wp\/v2\/types\/post"}],"author":[{"embeddable":true,"href":"https:\/\/wgphoto.pl\/t\/index.php?rest_route=\/wp\/v2\/users\/1"}],"replies":[{"embeddable":true,"href":"https:\/\/wgphoto.pl\/t\/index.php?rest_route=%2Fwp%2Fv2%2Fcomments&post=21805"}],"version-history":[{"count":1,"href":"https:\/\/wgphoto.pl\/t\/index.php?rest_route=\/wp\/v2\/posts\/21805\/revisions"}],"predecessor-version":[{"id":21807,"href":"https:\/\/wgphoto.pl\/t\/index.php?rest_route=\/wp\/v2\/posts\/21805\/revisions\/21807"}],"wp:featuredmedia":[{"embeddable":true,"href":"https:\/\/wgphoto.pl\/t\/index.php?rest_route=\/wp\/v2\/media\/21806"}],"wp:attachment":[{"href":"https:\/\/wgphoto.pl\/t\/index.php?rest_route=%2Fwp%2Fv2%2Fmedia&parent=21805"}],"wp:term":[{"taxonomy":"category","embeddable":true,"href":"https:\/\/wgphoto.pl\/t\/index.php?rest_route=%2Fwp%2Fv2%2Fcategories&post=21805"},{"taxonomy":"post_tag","embeddable":true,"href":"https:\/\/wgphoto.pl\/t\/index.php?rest_route=%2Fwp%2Fv2%2Ftags&post=21805"}],"curies":[{"name":"wp","href":"https:\/\/api.w.org\/{rel}","templated":true}]}}