{"id":21814,"date":"2025-09-07T16:19:55","date_gmt":"2025-09-07T14:19:55","guid":{"rendered":"https:\/\/wgphoto.pl\/t\/?p=21814"},"modified":"2025-09-07T16:26:02","modified_gmt":"2025-09-07T14:26:02","slug":"rittner-bahn-1","status":"publish","type":"post","link":"https:\/\/wgphoto.pl\/t\/?p=21814","title":{"rendered":"Rittner Bahn (1)"},"content":{"rendered":"\n<figure class=\"wp-block-image aligncenter size-full\"><img loading=\"lazy\" decoding=\"async\" width=\"1400\" height=\"933\" src=\"https:\/\/wgphoto.pl\/t\/wp-content\/uploads\/2025\/09\/DSCF0367.jpg\" alt=\"\" class=\"wp-image-21815\" srcset=\"https:\/\/wgphoto.pl\/t\/wp-content\/uploads\/2025\/09\/DSCF0367.jpg 1400w, https:\/\/wgphoto.pl\/t\/wp-content\/uploads\/2025\/09\/DSCF0367-300x200.jpg 300w, https:\/\/wgphoto.pl\/t\/wp-content\/uploads\/2025\/09\/DSCF0367-768x512.jpg 768w\" sizes=\"auto, (max-width: 1400px) 100vw, 1400px\" \/><\/figure>\n\n\n\n<div class=\"wp-block-group has-global-padding is-layout-constrained wp-block-group-is-layout-constrained\">\n<p>Jedna z dw\u00f3ch brygad g\u00f3rskiego tramwaju zbli\u017ca si\u0119 do przystanku Wolfsgruben-Costalovara. Gdzie\u015b tam w dole, oko\u0142o 950 metr\u00f3w ni\u017cej, le\u017cy miasto Bolzano-Bozen. W 1907 roku uruchomiono tramwaj \u0142\u0105cz\u0105cy miasto z g\u00f3rskim p\u0142askowy\u017cem. Pocz\u0105tkowy odcinek, ze wzgl\u0119du na bardzo du\u017ce przewy\u017cszenie, wyposa\u017cono w z\u0119bat\u0105 szyn\u0119. Po powa\u017cnym wypadku w 1964 roku przyspieszy\u0142y prace nad budow\u0105 kolei linowej na najbardziej stromym odcinku &#8211; uruchomiono j\u0105 w 1967 roku i wtedy te\u017c zamkni\u0119to z\u0119baty fragment tramwaju z Bozen do Oberbozen. Dzi\u015b tramwaj \u0142\u0105czy miejscowo\u015bci Oberbozen i Kolbenstein po trasie licz\u0105cej 7 km (wobec 12 km w pierwotnym kszta\u0142cie). Z Bolzano do Oberbozen mo\u017cna si\u0119 dosta\u0107 now\u0105 kolej\u0105 linow\u0105, oddan\u0105 do u\u017cytku w roku 2009. Pomimo turystycznego piekie\u0142ka spowodowanego dobr\u0105 dost\u0119pno\u015bci\u0105 komunikacyjn\u0105 (by\u0142em tam akurat w niedziel\u0119\u2026), trasa i okolica s\u0105 bardzo przyjemne i zdecydowanie bardziej przypominaj\u0105 Austri\u0119 ni\u017c W\u0142ochy &#8211; w ko\u0144cu to Po\u0142udniowy Tyrol. 20.07.2025<\/p>\n<\/div>\n","protected":false},"excerpt":{"rendered":"<p>Jedna z dw\u00f3ch brygad g\u00f3rskiego tramwaju zbli\u017ca si\u0119 do przystanku Wolfsgruben-Costalovara. Gdzie\u015b tam w dole, oko\u0142o 950 metr\u00f3w ni\u017cej, le\u017cy miasto Bolzano-Bozen. W 1907 roku uruchomiono tramwaj \u0142\u0105cz\u0105cy miasto z g\u00f3rskim p\u0142askowy\u017cem. Pocz\u0105tkowy odcinek, ze wzgl\u0119du na bardzo du\u017ce przewy\u017cszenie, wyposa\u017cono w z\u0119bat\u0105 szyn\u0119. Po powa\u017cnym wypadku w 1964 roku przyspieszy\u0142y prace nad budow\u0105 kolei [&hellip;]<\/p>\n","protected":false},"author":1,"featured_media":21815,"comment_status":"open","ping_status":"","sticky":false,"template":"","format":"standard","meta":{"footnotes":""},"categories":[3208,3],"tags":[4497,114,4498,1423,4499,561,4458,110],"class_list":["post-21814","post","type-post","status-publish","format-standard","has-post-thumbnail","hentry","category-rok-2025","category-tramwaj","tag-2025-07-20","tag-gory","tag-rittner-bahn","tag-schindler-be","tag-soprabolzano-oberbozen","tag-tramwaj-podmiejski","tag-wakacje-2025","tag-wlochy"],"_links":{"self":[{"href":"https:\/\/wgphoto.pl\/t\/index.php?rest_route=\/wp\/v2\/posts\/21814","targetHints":{"allow":["GET"]}}],"collection":[{"href":"https:\/\/wgphoto.pl\/t\/index.php?rest_route=\/wp\/v2\/posts"}],"about":[{"href":"https:\/\/wgphoto.pl\/t\/index.php?rest_route=\/wp\/v2\/types\/post"}],"author":[{"embeddable":true,"href":"https:\/\/wgphoto.pl\/t\/index.php?rest_route=\/wp\/v2\/users\/1"}],"replies":[{"embeddable":true,"href":"https:\/\/wgphoto.pl\/t\/index.php?rest_route=%2Fwp%2Fv2%2Fcomments&post=21814"}],"version-history":[{"count":1,"href":"https:\/\/wgphoto.pl\/t\/index.php?rest_route=\/wp\/v2\/posts\/21814\/revisions"}],"predecessor-version":[{"id":21816,"href":"https:\/\/wgphoto.pl\/t\/index.php?rest_route=\/wp\/v2\/posts\/21814\/revisions\/21816"}],"wp:featuredmedia":[{"embeddable":true,"href":"https:\/\/wgphoto.pl\/t\/index.php?rest_route=\/wp\/v2\/media\/21815"}],"wp:attachment":[{"href":"https:\/\/wgphoto.pl\/t\/index.php?rest_route=%2Fwp%2Fv2%2Fmedia&parent=21814"}],"wp:term":[{"taxonomy":"category","embeddable":true,"href":"https:\/\/wgphoto.pl\/t\/index.php?rest_route=%2Fwp%2Fv2%2Fcategories&post=21814"},{"taxonomy":"post_tag","embeddable":true,"href":"https:\/\/wgphoto.pl\/t\/index.php?rest_route=%2Fwp%2Fv2%2Ftags&post=21814"}],"curies":[{"name":"wp","href":"https:\/\/api.w.org\/{rel}","templated":true}]}}