{"id":21842,"date":"2025-09-09T18:22:45","date_gmt":"2025-09-09T16:22:45","guid":{"rendered":"https:\/\/wgphoto.pl\/t\/?p=21842"},"modified":"2025-09-09T18:22:45","modified_gmt":"2025-09-09T16:22:45","slug":"242-231-ripec","status":"publish","type":"post","link":"https:\/\/wgphoto.pl\/t\/?p=21842","title":{"rendered":"242.231, \u0158\u00edpec"},"content":{"rendered":"\n<figure class=\"wp-block-image aligncenter size-full\"><img loading=\"lazy\" decoding=\"async\" width=\"1400\" height=\"927\" src=\"https:\/\/wgphoto.pl\/t\/wp-content\/uploads\/2025\/09\/IMGP0772.jpg\" alt=\"\" class=\"wp-image-21843\" srcset=\"https:\/\/wgphoto.pl\/t\/wp-content\/uploads\/2025\/09\/IMGP0772.jpg 1400w, https:\/\/wgphoto.pl\/t\/wp-content\/uploads\/2025\/09\/IMGP0772-300x199.jpg 300w, https:\/\/wgphoto.pl\/t\/wp-content\/uploads\/2025\/09\/IMGP0772-768x509.jpg 768w\" sizes=\"auto, (max-width: 1400px) 100vw, 1400px\" \/><\/figure>\n\n\n\n<div class=\"wp-block-group has-global-padding is-layout-constrained wp-block-group-is-layout-constrained\">\n<p>242.231 z poci\u0105giem przyspieszonym 1736 \u010cesk\u00e9 Bud\u011bjovice &#8211; Jind\u0159ich\u016fv Hradec za chwil\u0119 zatrzyma si\u0119 na przystanku \u0158\u00edpec. To by\u0142 ma\u0142o udany dzie\u0144 je\u015bli chodzi o &#8222;fotograficzne&#8221; \u015bwiat\u0142o oraz moj\u0105 kreatywno\u015b\u0107 w doborze miejsc\u00f3wek, dlatego taki portret jad\u0105cego poci\u0105gu okaza\u0142 si\u0119 by\u0107 wystarczaj\u0105cym dzie\u0142em. 23.09.2020<\/p>\n<\/div>\n","protected":false},"excerpt":{"rendered":"<p>242.231 z poci\u0105giem przyspieszonym 1736 \u010cesk\u00e9 Bud\u011bjovice &#8211; Jind\u0159ich\u016fv Hradec za chwil\u0119 zatrzyma si\u0119 na przystanku \u0158\u00edpec. To by\u0142 ma\u0142o udany dzie\u0144 je\u015bli chodzi o &#8222;fotograficzne&#8221; \u015bwiat\u0142o oraz moj\u0105 kreatywno\u015b\u0107 w doborze miejsc\u00f3wek, dlatego taki portret jad\u0105cego poci\u0105gu okaza\u0142 si\u0119 by\u0107 wystarczaj\u0105cym dzie\u0142em. 23.09.2020<\/p>\n","protected":false},"author":1,"featured_media":21843,"comment_status":"open","ping_status":"","sticky":false,"template":"","format":"standard","meta":{"footnotes":""},"categories":[2,676],"tags":[2134,305,50,49,2003,4247,1829,1695],"class_list":["post-21842","post","type-post","status-publish","format-standard","has-post-thumbnail","hentry","category-kolej","category-rok-2020","tag-2020-09-23","tag-305","tag-cd","tag-czechy","tag-czeskie-wakacje-2020","tag-ripec","tag-tab-cz225","tag-veseli-nad-luznici"],"_links":{"self":[{"href":"https:\/\/wgphoto.pl\/t\/index.php?rest_route=\/wp\/v2\/posts\/21842","targetHints":{"allow":["GET"]}}],"collection":[{"href":"https:\/\/wgphoto.pl\/t\/index.php?rest_route=\/wp\/v2\/posts"}],"about":[{"href":"https:\/\/wgphoto.pl\/t\/index.php?rest_route=\/wp\/v2\/types\/post"}],"author":[{"embeddable":true,"href":"https:\/\/wgphoto.pl\/t\/index.php?rest_route=\/wp\/v2\/users\/1"}],"replies":[{"embeddable":true,"href":"https:\/\/wgphoto.pl\/t\/index.php?rest_route=%2Fwp%2Fv2%2Fcomments&post=21842"}],"version-history":[{"count":1,"href":"https:\/\/wgphoto.pl\/t\/index.php?rest_route=\/wp\/v2\/posts\/21842\/revisions"}],"predecessor-version":[{"id":21844,"href":"https:\/\/wgphoto.pl\/t\/index.php?rest_route=\/wp\/v2\/posts\/21842\/revisions\/21844"}],"wp:featuredmedia":[{"embeddable":true,"href":"https:\/\/wgphoto.pl\/t\/index.php?rest_route=\/wp\/v2\/media\/21843"}],"wp:attachment":[{"href":"https:\/\/wgphoto.pl\/t\/index.php?rest_route=%2Fwp%2Fv2%2Fmedia&parent=21842"}],"wp:term":[{"taxonomy":"category","embeddable":true,"href":"https:\/\/wgphoto.pl\/t\/index.php?rest_route=%2Fwp%2Fv2%2Fcategories&post=21842"},{"taxonomy":"post_tag","embeddable":true,"href":"https:\/\/wgphoto.pl\/t\/index.php?rest_route=%2Fwp%2Fv2%2Ftags&post=21842"}],"curies":[{"name":"wp","href":"https:\/\/api.w.org\/{rel}","templated":true}]}}