{"id":21858,"date":"2025-09-11T16:48:39","date_gmt":"2025-09-11T14:48:39","guid":{"rendered":"https:\/\/wgphoto.pl\/t\/?p=21858"},"modified":"2025-09-11T16:48:39","modified_gmt":"2025-09-11T14:48:39","slug":"21-i-15-na-marinie","status":"publish","type":"post","link":"https:\/\/wgphoto.pl\/t\/?p=21858","title":{"rendered":"21 i 15 &#8222;na marinie&#8221;"},"content":{"rendered":"\n<figure class=\"wp-block-image aligncenter size-full\"><img loading=\"lazy\" decoding=\"async\" width=\"1400\" height=\"927\" src=\"https:\/\/wgphoto.pl\/t\/wp-content\/uploads\/2025\/09\/0307-10_rsn.jpg\" alt=\"\" class=\"wp-image-21859\" srcset=\"https:\/\/wgphoto.pl\/t\/wp-content\/uploads\/2025\/09\/0307-10_rsn.jpg 1400w, https:\/\/wgphoto.pl\/t\/wp-content\/uploads\/2025\/09\/0307-10_rsn-300x199.jpg 300w, https:\/\/wgphoto.pl\/t\/wp-content\/uploads\/2025\/09\/0307-10_rsn-768x509.jpg 768w\" sizes=\"auto, (max-width: 1400px) 100vw, 1400px\" \/><\/figure>\n\n\n\n<div class=\"wp-block-group has-global-padding is-layout-constrained wp-block-group-is-layout-constrained\">\n<p>Wroc\u0142aw, p\u0119tla Marino (obecnie Po\u015bwi\u0119tne), sk\u0142ady 105Na 2524+2523 i 2504+2505. 17.03.2003<\/p>\n<\/div>\n","protected":false},"excerpt":{"rendered":"<p>Wroc\u0142aw, p\u0119tla Marino (obecnie Po\u015bwi\u0119tne), sk\u0142ady 105Na 2524+2523 i 2504+2505. 17.03.2003<\/p>\n","protected":false},"author":1,"featured_media":21859,"comment_status":"open","ping_status":"","sticky":false,"template":"","format":"standard","meta":{"footnotes":""},"categories":[62,149,3],"tags":[155,4507,42,154,27,41],"class_list":["post-21858","post","type-post","status-publish","format-standard","has-post-thumbnail","hentry","category-analog","category-rok-2003","category-tramwaj","tag-105na","tag-2003-03-17","tag-mpk-wroclaw","tag-noc","tag-polska","tag-wroclaw"],"_links":{"self":[{"href":"https:\/\/wgphoto.pl\/t\/index.php?rest_route=\/wp\/v2\/posts\/21858","targetHints":{"allow":["GET"]}}],"collection":[{"href":"https:\/\/wgphoto.pl\/t\/index.php?rest_route=\/wp\/v2\/posts"}],"about":[{"href":"https:\/\/wgphoto.pl\/t\/index.php?rest_route=\/wp\/v2\/types\/post"}],"author":[{"embeddable":true,"href":"https:\/\/wgphoto.pl\/t\/index.php?rest_route=\/wp\/v2\/users\/1"}],"replies":[{"embeddable":true,"href":"https:\/\/wgphoto.pl\/t\/index.php?rest_route=%2Fwp%2Fv2%2Fcomments&post=21858"}],"version-history":[{"count":1,"href":"https:\/\/wgphoto.pl\/t\/index.php?rest_route=\/wp\/v2\/posts\/21858\/revisions"}],"predecessor-version":[{"id":21860,"href":"https:\/\/wgphoto.pl\/t\/index.php?rest_route=\/wp\/v2\/posts\/21858\/revisions\/21860"}],"wp:featuredmedia":[{"embeddable":true,"href":"https:\/\/wgphoto.pl\/t\/index.php?rest_route=\/wp\/v2\/media\/21859"}],"wp:attachment":[{"href":"https:\/\/wgphoto.pl\/t\/index.php?rest_route=%2Fwp%2Fv2%2Fmedia&parent=21858"}],"wp:term":[{"taxonomy":"category","embeddable":true,"href":"https:\/\/wgphoto.pl\/t\/index.php?rest_route=%2Fwp%2Fv2%2Fcategories&post=21858"},{"taxonomy":"post_tag","embeddable":true,"href":"https:\/\/wgphoto.pl\/t\/index.php?rest_route=%2Fwp%2Fv2%2Ftags&post=21858"}],"curies":[{"name":"wp","href":"https:\/\/api.w.org\/{rel}","templated":true}]}}