{"id":21870,"date":"2025-09-11T16:52:27","date_gmt":"2025-09-11T14:52:27","guid":{"rendered":"https:\/\/wgphoto.pl\/t\/?p=21870"},"modified":"2025-09-11T16:52:27","modified_gmt":"2025-09-11T14:52:27","slug":"blokowisko-widokowe-2","status":"publish","type":"post","link":"https:\/\/wgphoto.pl\/t\/?p=21870","title":{"rendered":"Blokowisko widokowe (2)"},"content":{"rendered":"\n<figure class=\"wp-block-image aligncenter size-full\"><img loading=\"lazy\" decoding=\"async\" width=\"1300\" height=\"975\" src=\"https:\/\/wgphoto.pl\/t\/wp-content\/uploads\/2025\/09\/IMGP9635.jpg\" alt=\"\" class=\"wp-image-21871\" srcset=\"https:\/\/wgphoto.pl\/t\/wp-content\/uploads\/2025\/09\/IMGP9635.jpg 1300w, https:\/\/wgphoto.pl\/t\/wp-content\/uploads\/2025\/09\/IMGP9635-300x225.jpg 300w, https:\/\/wgphoto.pl\/t\/wp-content\/uploads\/2025\/09\/IMGP9635-768x576.jpg 768w\" sizes=\"auto, (max-width: 1300px) 100vw, 1300px\" \/><\/figure>\n\n\n\n<div class=\"wp-block-group has-global-padding is-layout-constrained wp-block-group-is-layout-constrained\">\n<p>Gera, Th\u00fcringer Stra\u00dfe. Sk\u0142ad KT4DMC 360+? wspi\u0105\u0142 si\u0119 na osiedle Bieblach Ost. 10.09.2009<\/p>\n<\/div>\n","protected":false},"excerpt":{"rendered":"<p>Gera, Th\u00fcringer Stra\u00dfe. Sk\u0142ad KT4DMC 360+? wspi\u0105\u0142 si\u0119 na osiedle Bieblach Ost. 10.09.2009<\/p>\n","protected":false},"author":1,"featured_media":21871,"comment_status":"open","ping_status":"","sticky":false,"template":"","format":"standard","meta":{"footnotes":""},"categories":[169,3],"tags":[490,1009,2076,113,23,118,143,33],"class_list":["post-21870","post","type-post","status-publish","format-standard","has-post-thumbnail","hentry","category-rok-2009","category-tramwaj","tag-2009-09-10","tag-gera","tag-gvb-gera","tag-landszaft","tag-niemcy","tag-plany-i-profile","tag-ponad-30m","tag-tatra-kt4"],"_links":{"self":[{"href":"https:\/\/wgphoto.pl\/t\/index.php?rest_route=\/wp\/v2\/posts\/21870","targetHints":{"allow":["GET"]}}],"collection":[{"href":"https:\/\/wgphoto.pl\/t\/index.php?rest_route=\/wp\/v2\/posts"}],"about":[{"href":"https:\/\/wgphoto.pl\/t\/index.php?rest_route=\/wp\/v2\/types\/post"}],"author":[{"embeddable":true,"href":"https:\/\/wgphoto.pl\/t\/index.php?rest_route=\/wp\/v2\/users\/1"}],"replies":[{"embeddable":true,"href":"https:\/\/wgphoto.pl\/t\/index.php?rest_route=%2Fwp%2Fv2%2Fcomments&post=21870"}],"version-history":[{"count":1,"href":"https:\/\/wgphoto.pl\/t\/index.php?rest_route=\/wp\/v2\/posts\/21870\/revisions"}],"predecessor-version":[{"id":21872,"href":"https:\/\/wgphoto.pl\/t\/index.php?rest_route=\/wp\/v2\/posts\/21870\/revisions\/21872"}],"wp:featuredmedia":[{"embeddable":true,"href":"https:\/\/wgphoto.pl\/t\/index.php?rest_route=\/wp\/v2\/media\/21871"}],"wp:attachment":[{"href":"https:\/\/wgphoto.pl\/t\/index.php?rest_route=%2Fwp%2Fv2%2Fmedia&parent=21870"}],"wp:term":[{"taxonomy":"category","embeddable":true,"href":"https:\/\/wgphoto.pl\/t\/index.php?rest_route=%2Fwp%2Fv2%2Fcategories&post=21870"},{"taxonomy":"post_tag","embeddable":true,"href":"https:\/\/wgphoto.pl\/t\/index.php?rest_route=%2Fwp%2Fv2%2Ftags&post=21870"}],"curies":[{"name":"wp","href":"https:\/\/api.w.org\/{rel}","templated":true}]}}