{"id":2188,"date":"2024-10-10T17:02:25","date_gmt":"2024-10-10T15:02:25","guid":{"rendered":"https:\/\/wgphoto.pl\/t\/?p=2188"},"modified":"2024-10-10T17:02:25","modified_gmt":"2024-10-10T15:02:25","slug":"gotyk-na-dotyk","status":"publish","type":"post","link":"https:\/\/wgphoto.pl\/t\/?p=2188","title":{"rendered":"Gotyk na dotyk"},"content":{"rendered":"\n<figure class=\"wp-block-image aligncenter size-full\"><img loading=\"lazy\" decoding=\"async\" width=\"1300\" height=\"861\" src=\"https:\/\/wgphoto.pl\/t\/wp-content\/uploads\/2024\/10\/IMGP1032.jpg\" alt=\"\" class=\"wp-image-2189\" srcset=\"https:\/\/wgphoto.pl\/t\/wp-content\/uploads\/2024\/10\/IMGP1032.jpg 1300w, https:\/\/wgphoto.pl\/t\/wp-content\/uploads\/2024\/10\/IMGP1032-300x199.jpg 300w, https:\/\/wgphoto.pl\/t\/wp-content\/uploads\/2024\/10\/IMGP1032-768x509.jpg 768w\" sizes=\"auto, (max-width: 1300px) 100vw, 1300px\" \/><\/figure>\n\n\n\n<div class=\"wp-block-group has-global-padding is-layout-constrained wp-block-group-is-layout-constrained\">\n<p>Sk\u0142ad 805Na+805NaD 213+214 mija neogotycki gmach Urz\u0119du Miasta Torunia przy placu Teatralnym, nawi\u0105zuj\u0105cy sw\u0105 bry\u0142\u0105 do architektury toru\u0144skiej star\u00f3wki, kt\u00f3r\u0105 zachwalaj\u0105 w ca\u0142ym mie\u015bcie drogowskazy o tre\u015bci jak w tytule. 2013-12-04<\/p>\n<\/div>\n","protected":false},"excerpt":{"rendered":"<p>Sk\u0142ad 805Na+805NaD 213+214 mija neogotycki gmach Urz\u0119du Miasta Torunia przy placu Teatralnym, nawi\u0105zuj\u0105cy sw\u0105 bry\u0142\u0105 do architektury toru\u0144skiej star\u00f3wki, kt\u00f3r\u0105 zachwalaj\u0105 w ca\u0142ym mie\u015bcie drogowskazy o tre\u015bci jak w tytule. 2013-12-04<\/p>\n","protected":false},"author":1,"featured_media":2189,"comment_status":"open","ping_status":"","sticky":false,"template":"","format":"standard","meta":{"footnotes":""},"categories":[55,3],"tags":[1144,34,494,916,919,27,917],"class_list":["post-2188","post","type-post","status-publish","format-standard","has-post-thumbnail","hentry","category-rok-2013","category-tramwaj","tag-2013-12-04","tag-architektura","tag-flaga","tag-konstal-805na","tag-mzk-torun","tag-polska","tag-torun"],"_links":{"self":[{"href":"https:\/\/wgphoto.pl\/t\/index.php?rest_route=\/wp\/v2\/posts\/2188","targetHints":{"allow":["GET"]}}],"collection":[{"href":"https:\/\/wgphoto.pl\/t\/index.php?rest_route=\/wp\/v2\/posts"}],"about":[{"href":"https:\/\/wgphoto.pl\/t\/index.php?rest_route=\/wp\/v2\/types\/post"}],"author":[{"embeddable":true,"href":"https:\/\/wgphoto.pl\/t\/index.php?rest_route=\/wp\/v2\/users\/1"}],"replies":[{"embeddable":true,"href":"https:\/\/wgphoto.pl\/t\/index.php?rest_route=%2Fwp%2Fv2%2Fcomments&post=2188"}],"version-history":[{"count":1,"href":"https:\/\/wgphoto.pl\/t\/index.php?rest_route=\/wp\/v2\/posts\/2188\/revisions"}],"predecessor-version":[{"id":2190,"href":"https:\/\/wgphoto.pl\/t\/index.php?rest_route=\/wp\/v2\/posts\/2188\/revisions\/2190"}],"wp:featuredmedia":[{"embeddable":true,"href":"https:\/\/wgphoto.pl\/t\/index.php?rest_route=\/wp\/v2\/media\/2189"}],"wp:attachment":[{"href":"https:\/\/wgphoto.pl\/t\/index.php?rest_route=%2Fwp%2Fv2%2Fmedia&parent=2188"}],"wp:term":[{"taxonomy":"category","embeddable":true,"href":"https:\/\/wgphoto.pl\/t\/index.php?rest_route=%2Fwp%2Fv2%2Fcategories&post=2188"},{"taxonomy":"post_tag","embeddable":true,"href":"https:\/\/wgphoto.pl\/t\/index.php?rest_route=%2Fwp%2Fv2%2Ftags&post=2188"}],"curies":[{"name":"wp","href":"https:\/\/api.w.org\/{rel}","templated":true}]}}