{"id":21891,"date":"2025-09-13T12:13:43","date_gmt":"2025-09-13T10:13:43","guid":{"rendered":"https:\/\/wgphoto.pl\/t\/?p=21891"},"modified":"2025-09-13T12:13:43","modified_gmt":"2025-09-13T10:13:43","slug":"dubina-neni-recko","status":"publish","type":"post","link":"https:\/\/wgphoto.pl\/t\/?p=21891","title":{"rendered":"Dubina nen\u00ed \u0158ecko"},"content":{"rendered":"\n<figure class=\"wp-block-image aligncenter size-full\"><img loading=\"lazy\" decoding=\"async\" width=\"1400\" height=\"928\" src=\"https:\/\/wgphoto.pl\/t\/wp-content\/uploads\/2025\/09\/0729-26.jpg\" alt=\"\" class=\"wp-image-21892\" srcset=\"https:\/\/wgphoto.pl\/t\/wp-content\/uploads\/2025\/09\/0729-26.jpg 1400w, https:\/\/wgphoto.pl\/t\/wp-content\/uploads\/2025\/09\/0729-26-300x199.jpg 300w, https:\/\/wgphoto.pl\/t\/wp-content\/uploads\/2025\/09\/0729-26-768x509.jpg 768w\" sizes=\"auto, (max-width: 1400px) 100vw, 1400px\" \/><\/figure>\n\n\n\n<div class=\"wp-block-group has-global-padding is-layout-constrained wp-block-group-is-layout-constrained\">\n<p>Ostrawa, Horn\u00ed ul. Souprava T6A5 1127+1123 jad\u0105c jako linia 17 do p\u0119tli przy V\u0159esinsk\u00e9 ul. w dzielnicy Poruba zostawia w tyle bloki Dubiny. Tytu\u0142owe i reklamowe \u0158ecko to Grecja. 12.09.2007<\/p>\n<\/div>\n","protected":false},"excerpt":{"rendered":"<p>Ostrawa, Horn\u00ed ul. Souprava T6A5 1127+1123 jad\u0105c jako linia 17 do p\u0119tli przy V\u0159esinsk\u00e9 ul. w dzielnicy Poruba zostawia w tyle bloki Dubiny. Tytu\u0142owe i reklamowe \u0158ecko to Grecja. 12.09.2007<\/p>\n","protected":false},"author":1,"featured_media":21892,"comment_status":"open","ping_status":"","sticky":false,"template":"","format":"standard","meta":{"footnotes":""},"categories":[62,96,3],"tags":[1738,898,49,2147,899,897,841],"class_list":["post-21891","post","type-post","status-publish","format-standard","has-post-thumbnail","hentry","category-analog","category-rok-2007","category-tramwaj","tag-2007-09-12","tag-autobus","tag-czechy","tag-czechy-po-raz-pierwszy","tag-dp-ostrava","tag-ostrawa","tag-tatra-t6"],"_links":{"self":[{"href":"https:\/\/wgphoto.pl\/t\/index.php?rest_route=\/wp\/v2\/posts\/21891","targetHints":{"allow":["GET"]}}],"collection":[{"href":"https:\/\/wgphoto.pl\/t\/index.php?rest_route=\/wp\/v2\/posts"}],"about":[{"href":"https:\/\/wgphoto.pl\/t\/index.php?rest_route=\/wp\/v2\/types\/post"}],"author":[{"embeddable":true,"href":"https:\/\/wgphoto.pl\/t\/index.php?rest_route=\/wp\/v2\/users\/1"}],"replies":[{"embeddable":true,"href":"https:\/\/wgphoto.pl\/t\/index.php?rest_route=%2Fwp%2Fv2%2Fcomments&post=21891"}],"version-history":[{"count":1,"href":"https:\/\/wgphoto.pl\/t\/index.php?rest_route=\/wp\/v2\/posts\/21891\/revisions"}],"predecessor-version":[{"id":21893,"href":"https:\/\/wgphoto.pl\/t\/index.php?rest_route=\/wp\/v2\/posts\/21891\/revisions\/21893"}],"wp:featuredmedia":[{"embeddable":true,"href":"https:\/\/wgphoto.pl\/t\/index.php?rest_route=\/wp\/v2\/media\/21892"}],"wp:attachment":[{"href":"https:\/\/wgphoto.pl\/t\/index.php?rest_route=%2Fwp%2Fv2%2Fmedia&parent=21891"}],"wp:term":[{"taxonomy":"category","embeddable":true,"href":"https:\/\/wgphoto.pl\/t\/index.php?rest_route=%2Fwp%2Fv2%2Fcategories&post=21891"},{"taxonomy":"post_tag","embeddable":true,"href":"https:\/\/wgphoto.pl\/t\/index.php?rest_route=%2Fwp%2Fv2%2Ftags&post=21891"}],"curies":[{"name":"wp","href":"https:\/\/api.w.org\/{rel}","templated":true}]}}