{"id":21901,"date":"2025-09-13T12:18:45","date_gmt":"2025-09-13T10:18:45","guid":{"rendered":"https:\/\/wgphoto.pl\/t\/?p=21901"},"modified":"2025-09-13T12:18:45","modified_gmt":"2025-09-13T10:18:45","slug":"plac-republiki","status":"publish","type":"post","link":"https:\/\/wgphoto.pl\/t\/?p=21901","title":{"rendered":"Plac Republiki"},"content":{"rendered":"\n<figure class=\"wp-block-image aligncenter size-full\"><img loading=\"lazy\" decoding=\"async\" width=\"750\" height=\"1000\" src=\"https:\/\/wgphoto.pl\/t\/wp-content\/uploads\/2025\/09\/0730-01.jpg\" alt=\"\" class=\"wp-image-21902\" srcset=\"https:\/\/wgphoto.pl\/t\/wp-content\/uploads\/2025\/09\/0730-01.jpg 750w, https:\/\/wgphoto.pl\/t\/wp-content\/uploads\/2025\/09\/0730-01-225x300.jpg 225w\" sizes=\"auto, (max-width: 750px) 100vw, 750px\" \/><\/figure>\n\n\n\n<div class=\"wp-block-group has-global-padding is-layout-constrained wp-block-group-is-layout-constrained\">\n<p>O\u0142omuniec, N\u00e1m\u011bst\u00ed Republiky, T3R.P 156+158. W tym miejscu rozpoczyna si\u0119 deptak z tramwajem, a zniszczony bruk zamienia si\u0119 w r\u00f3wniutk\u0105 nawierzchni\u0119 wykonan\u0105 tak\u017ce z kostki (we Wroc\u0142awiu, pomimo up\u0142ywu lat, jest to wci\u0105\u017c obca technologia). 13.09.2007<\/p>\n<\/div>\n","protected":false},"excerpt":{"rendered":"<p>O\u0142omuniec, N\u00e1m\u011bst\u00ed Republiky, T3R.P 156+158. W tym miejscu rozpoczyna si\u0119 deptak z tramwajem, a zniszczony bruk zamienia si\u0119 w r\u00f3wniutk\u0105 nawierzchni\u0119 wykonan\u0105 tak\u017ce z kostki (we Wroc\u0142awiu, pomimo up\u0142ywu lat, jest to wci\u0105\u017c obca technologia). 13.09.2007<\/p>\n","protected":false},"author":1,"featured_media":21902,"comment_status":"open","ping_status":"","sticky":false,"template":"","format":"standard","meta":{"footnotes":""},"categories":[62,128,96,3],"tags":[2145,34,49,2147,239,1013,1012,1011],"class_list":["post-21901","post","type-post","status-publish","format-standard","has-post-thumbnail","hentry","category-analog","category-pionowe","category-rok-2007","category-tramwaj","tag-2007-09-13","tag-architektura","tag-czechy","tag-czechy-po-raz-pierwszy","tag-deptak","tag-dpmo-olomouc","tag-olomuniec","tag-tatra-t3"],"_links":{"self":[{"href":"https:\/\/wgphoto.pl\/t\/index.php?rest_route=\/wp\/v2\/posts\/21901","targetHints":{"allow":["GET"]}}],"collection":[{"href":"https:\/\/wgphoto.pl\/t\/index.php?rest_route=\/wp\/v2\/posts"}],"about":[{"href":"https:\/\/wgphoto.pl\/t\/index.php?rest_route=\/wp\/v2\/types\/post"}],"author":[{"embeddable":true,"href":"https:\/\/wgphoto.pl\/t\/index.php?rest_route=\/wp\/v2\/users\/1"}],"replies":[{"embeddable":true,"href":"https:\/\/wgphoto.pl\/t\/index.php?rest_route=%2Fwp%2Fv2%2Fcomments&post=21901"}],"version-history":[{"count":1,"href":"https:\/\/wgphoto.pl\/t\/index.php?rest_route=\/wp\/v2\/posts\/21901\/revisions"}],"predecessor-version":[{"id":21903,"href":"https:\/\/wgphoto.pl\/t\/index.php?rest_route=\/wp\/v2\/posts\/21901\/revisions\/21903"}],"wp:featuredmedia":[{"embeddable":true,"href":"https:\/\/wgphoto.pl\/t\/index.php?rest_route=\/wp\/v2\/media\/21902"}],"wp:attachment":[{"href":"https:\/\/wgphoto.pl\/t\/index.php?rest_route=%2Fwp%2Fv2%2Fmedia&parent=21901"}],"wp:term":[{"taxonomy":"category","embeddable":true,"href":"https:\/\/wgphoto.pl\/t\/index.php?rest_route=%2Fwp%2Fv2%2Fcategories&post=21901"},{"taxonomy":"post_tag","embeddable":true,"href":"https:\/\/wgphoto.pl\/t\/index.php?rest_route=%2Fwp%2Fv2%2Ftags&post=21901"}],"curies":[{"name":"wp","href":"https:\/\/api.w.org\/{rel}","templated":true}]}}