{"id":21904,"date":"2025-09-13T12:19:39","date_gmt":"2025-09-13T10:19:39","guid":{"rendered":"https:\/\/wgphoto.pl\/t\/?p=21904"},"modified":"2025-09-13T12:19:39","modified_gmt":"2025-09-13T10:19:39","slug":"pierwsze-varia","status":"publish","type":"post","link":"https:\/\/wgphoto.pl\/t\/?p=21904","title":{"rendered":"Pierwsze Varia"},"content":{"rendered":"\n<figure class=\"wp-block-image aligncenter size-full\"><img loading=\"lazy\" decoding=\"async\" width=\"1400\" height=\"965\" src=\"https:\/\/wgphoto.pl\/t\/wp-content\/uploads\/2025\/09\/0730-03.jpg\" alt=\"\" class=\"wp-image-21905\" srcset=\"https:\/\/wgphoto.pl\/t\/wp-content\/uploads\/2025\/09\/0730-03.jpg 1400w, https:\/\/wgphoto.pl\/t\/wp-content\/uploads\/2025\/09\/0730-03-300x207.jpg 300w, https:\/\/wgphoto.pl\/t\/wp-content\/uploads\/2025\/09\/0730-03-768x529.jpg 768w\" sizes=\"auto, (max-width: 1400px) 100vw, 1400px\" \/><\/figure>\n\n\n\n<div class=\"wp-block-group has-global-padding is-layout-constrained wp-block-group-is-layout-constrained\">\n<p>O\u0142omuniec, Masarykova t\u0159\u00edda, sk\u0142ad Vario LF.E 251+252. W\u00f3wczas w mie\u015bcie kursowa\u0142y tylko trzy takie niskowej\u015bciowe wagony, z czego dwa stanowi\u0142y zestaw. 13.09.2007<\/p>\n<\/div>\n","protected":false},"excerpt":{"rendered":"<p>O\u0142omuniec, Masarykova t\u0159\u00edda, sk\u0142ad Vario LF.E 251+252. W\u00f3wczas w mie\u015bcie kursowa\u0142y tylko trzy takie niskowej\u015bciowe wagony, z czego dwa stanowi\u0142y zestaw. 13.09.2007<\/p>\n","protected":false},"author":1,"featured_media":21905,"comment_status":"open","ping_status":"","sticky":false,"template":"","format":"standard","meta":{"footnotes":""},"categories":[62,96,3],"tags":[2145,49,2147,1013,1012,1243],"class_list":["post-21904","post","type-post","status-publish","format-standard","has-post-thumbnail","hentry","category-analog","category-rok-2007","category-tramwaj","tag-2007-09-13","tag-czechy","tag-czechy-po-raz-pierwszy","tag-dpmo-olomouc","tag-olomuniec","tag-vario-lf"],"_links":{"self":[{"href":"https:\/\/wgphoto.pl\/t\/index.php?rest_route=\/wp\/v2\/posts\/21904","targetHints":{"allow":["GET"]}}],"collection":[{"href":"https:\/\/wgphoto.pl\/t\/index.php?rest_route=\/wp\/v2\/posts"}],"about":[{"href":"https:\/\/wgphoto.pl\/t\/index.php?rest_route=\/wp\/v2\/types\/post"}],"author":[{"embeddable":true,"href":"https:\/\/wgphoto.pl\/t\/index.php?rest_route=\/wp\/v2\/users\/1"}],"replies":[{"embeddable":true,"href":"https:\/\/wgphoto.pl\/t\/index.php?rest_route=%2Fwp%2Fv2%2Fcomments&post=21904"}],"version-history":[{"count":1,"href":"https:\/\/wgphoto.pl\/t\/index.php?rest_route=\/wp\/v2\/posts\/21904\/revisions"}],"predecessor-version":[{"id":21906,"href":"https:\/\/wgphoto.pl\/t\/index.php?rest_route=\/wp\/v2\/posts\/21904\/revisions\/21906"}],"wp:featuredmedia":[{"embeddable":true,"href":"https:\/\/wgphoto.pl\/t\/index.php?rest_route=\/wp\/v2\/media\/21905"}],"wp:attachment":[{"href":"https:\/\/wgphoto.pl\/t\/index.php?rest_route=%2Fwp%2Fv2%2Fmedia&parent=21904"}],"wp:term":[{"taxonomy":"category","embeddable":true,"href":"https:\/\/wgphoto.pl\/t\/index.php?rest_route=%2Fwp%2Fv2%2Fcategories&post=21904"},{"taxonomy":"post_tag","embeddable":true,"href":"https:\/\/wgphoto.pl\/t\/index.php?rest_route=%2Fwp%2Fv2%2Ftags&post=21904"}],"curies":[{"name":"wp","href":"https:\/\/api.w.org\/{rel}","templated":true}]}}