{"id":21907,"date":"2025-09-13T12:20:29","date_gmt":"2025-09-13T10:20:29","guid":{"rendered":"https:\/\/wgphoto.pl\/t\/?p=21907"},"modified":"2025-09-13T12:20:29","modified_gmt":"2025-09-13T10:20:29","slug":"t3-130142","status":"publish","type":"post","link":"https:\/\/wgphoto.pl\/t\/?p=21907","title":{"rendered":"T3 130+142"},"content":{"rendered":"\n<figure class=\"wp-block-image aligncenter size-full\"><img loading=\"lazy\" decoding=\"async\" width=\"1400\" height=\"935\" src=\"https:\/\/wgphoto.pl\/t\/wp-content\/uploads\/2025\/09\/0730-05.jpg\" alt=\"\" class=\"wp-image-21908\" srcset=\"https:\/\/wgphoto.pl\/t\/wp-content\/uploads\/2025\/09\/0730-05.jpg 1400w, https:\/\/wgphoto.pl\/t\/wp-content\/uploads\/2025\/09\/0730-05-300x200.jpg 300w, https:\/\/wgphoto.pl\/t\/wp-content\/uploads\/2025\/09\/0730-05-768x513.jpg 768w\" sizes=\"auto, (max-width: 1400px) 100vw, 1400px\" \/><\/figure>\n\n\n\n<div class=\"wp-block-group has-global-padding is-layout-constrained wp-block-group-is-layout-constrained\">\n<p>O\u0142omuniec, ul. Palack\u00e9ho. Sk\u0142ad T3 130+142 zaraz zatrzyma si\u0119 na przystanku to\u017csamym z nazw\u0105 ulicy. 13.09.2007<\/p>\n<\/div>\n","protected":false},"excerpt":{"rendered":"<p>O\u0142omuniec, ul. Palack\u00e9ho. Sk\u0142ad T3 130+142 zaraz zatrzyma si\u0119 na przystanku to\u017csamym z nazw\u0105 ulicy. 13.09.2007<\/p>\n","protected":false},"author":1,"featured_media":21908,"comment_status":"open","ping_status":"","sticky":false,"template":"","format":"standard","meta":{"footnotes":""},"categories":[62,96,3],"tags":[2145,34,49,2147,1013,1012,1011],"class_list":["post-21907","post","type-post","status-publish","format-standard","has-post-thumbnail","hentry","category-analog","category-rok-2007","category-tramwaj","tag-2007-09-13","tag-architektura","tag-czechy","tag-czechy-po-raz-pierwszy","tag-dpmo-olomouc","tag-olomuniec","tag-tatra-t3"],"_links":{"self":[{"href":"https:\/\/wgphoto.pl\/t\/index.php?rest_route=\/wp\/v2\/posts\/21907","targetHints":{"allow":["GET"]}}],"collection":[{"href":"https:\/\/wgphoto.pl\/t\/index.php?rest_route=\/wp\/v2\/posts"}],"about":[{"href":"https:\/\/wgphoto.pl\/t\/index.php?rest_route=\/wp\/v2\/types\/post"}],"author":[{"embeddable":true,"href":"https:\/\/wgphoto.pl\/t\/index.php?rest_route=\/wp\/v2\/users\/1"}],"replies":[{"embeddable":true,"href":"https:\/\/wgphoto.pl\/t\/index.php?rest_route=%2Fwp%2Fv2%2Fcomments&post=21907"}],"version-history":[{"count":1,"href":"https:\/\/wgphoto.pl\/t\/index.php?rest_route=\/wp\/v2\/posts\/21907\/revisions"}],"predecessor-version":[{"id":21909,"href":"https:\/\/wgphoto.pl\/t\/index.php?rest_route=\/wp\/v2\/posts\/21907\/revisions\/21909"}],"wp:featuredmedia":[{"embeddable":true,"href":"https:\/\/wgphoto.pl\/t\/index.php?rest_route=\/wp\/v2\/media\/21908"}],"wp:attachment":[{"href":"https:\/\/wgphoto.pl\/t\/index.php?rest_route=%2Fwp%2Fv2%2Fmedia&parent=21907"}],"wp:term":[{"taxonomy":"category","embeddable":true,"href":"https:\/\/wgphoto.pl\/t\/index.php?rest_route=%2Fwp%2Fv2%2Fcategories&post=21907"},{"taxonomy":"post_tag","embeddable":true,"href":"https:\/\/wgphoto.pl\/t\/index.php?rest_route=%2Fwp%2Fv2%2Ftags&post=21907"}],"curies":[{"name":"wp","href":"https:\/\/api.w.org\/{rel}","templated":true}]}}