{"id":2191,"date":"2024-10-10T17:04:25","date_gmt":"2024-10-10T15:04:25","guid":{"rendered":"https:\/\/wgphoto.pl\/t\/?p=2191"},"modified":"2025-01-16T22:01:43","modified_gmt":"2025-01-16T21:01:43","slug":"gt6b3-nr-6161340","status":"publish","type":"post","link":"https:\/\/wgphoto.pl\/t\/?p=2191","title":{"rendered":"GT6+B3 nr 616+1340"},"content":{"rendered":"\n<figure class=\"wp-block-image aligncenter size-full\"><img loading=\"lazy\" decoding=\"async\" width=\"1300\" height=\"870\" src=\"https:\/\/wgphoto.pl\/t\/wp-content\/uploads\/2024\/10\/IMGP3285.jpg\" alt=\"\" class=\"wp-image-2192\" srcset=\"https:\/\/wgphoto.pl\/t\/wp-content\/uploads\/2024\/10\/IMGP3285.jpg 1300w, https:\/\/wgphoto.pl\/t\/wp-content\/uploads\/2024\/10\/IMGP3285-300x201.jpg 300w, https:\/\/wgphoto.pl\/t\/wp-content\/uploads\/2024\/10\/IMGP3285-768x514.jpg 768w\" sizes=\"auto, (max-width: 1300px) 100vw, 1300px\" \/><\/figure>\n\n\n\n<div class=\"wp-block-group has-global-padding is-layout-constrained wp-block-group-is-layout-constrained\">\n<p>Belgrad, ul. Nemanjina z widokiem na budynek dworca kolejowego. Opr\u00f3cz czerwonych wagon\u00f3w serii KT4 mo\u017cna w Belgradzie spotka\u0107 zielone Duewagi pochodz\u0105ce z Bazylei. Kursuj\u0105 one z doczepami, w\u015br\u00f3d kt\u00f3rych znalaz\u0142o si\u0119 kilka przedpotopowych egzemplarzy osadzonych na trzech osiach. 2011-08-22<\/p>\n<\/div>\n","protected":false},"excerpt":{"rendered":"<p>Belgrad, ul. Nemanjina z widokiem na budynek dworca kolejowego. Opr\u00f3cz czerwonych wagon\u00f3w serii KT4 mo\u017cna w Belgradzie spotka\u0107 zielone Duewagi pochodz\u0105ce z Bazylei. Kursuj\u0105 one z doczepami, w\u015br\u00f3d kt\u00f3rych znalaz\u0142o si\u0119 kilka przedpotopowych egzemplarzy osadzonych na trzech osiach. 2011-08-22<\/p>\n","protected":false},"author":1,"featured_media":2192,"comment_status":"open","ping_status":"","sticky":false,"template":"","format":"standard","meta":{"footnotes":""},"categories":[77,3],"tags":[444,443,2968,101,389,442,380],"class_list":["post-2191","post","type-post","status-publish","format-standard","has-post-thumbnail","hentry","category-rok-2011","category-tramwaj","tag-2011-08-22","tag-belgrad","tag-gsp-beograd","tag-gt6","tag-mijanka","tag-serbia","tag-spod-dworca"],"_links":{"self":[{"href":"https:\/\/wgphoto.pl\/t\/index.php?rest_route=\/wp\/v2\/posts\/2191","targetHints":{"allow":["GET"]}}],"collection":[{"href":"https:\/\/wgphoto.pl\/t\/index.php?rest_route=\/wp\/v2\/posts"}],"about":[{"href":"https:\/\/wgphoto.pl\/t\/index.php?rest_route=\/wp\/v2\/types\/post"}],"author":[{"embeddable":true,"href":"https:\/\/wgphoto.pl\/t\/index.php?rest_route=\/wp\/v2\/users\/1"}],"replies":[{"embeddable":true,"href":"https:\/\/wgphoto.pl\/t\/index.php?rest_route=%2Fwp%2Fv2%2Fcomments&post=2191"}],"version-history":[{"count":1,"href":"https:\/\/wgphoto.pl\/t\/index.php?rest_route=\/wp\/v2\/posts\/2191\/revisions"}],"predecessor-version":[{"id":2193,"href":"https:\/\/wgphoto.pl\/t\/index.php?rest_route=\/wp\/v2\/posts\/2191\/revisions\/2193"}],"wp:featuredmedia":[{"embeddable":true,"href":"https:\/\/wgphoto.pl\/t\/index.php?rest_route=\/wp\/v2\/media\/2192"}],"wp:attachment":[{"href":"https:\/\/wgphoto.pl\/t\/index.php?rest_route=%2Fwp%2Fv2%2Fmedia&parent=2191"}],"wp:term":[{"taxonomy":"category","embeddable":true,"href":"https:\/\/wgphoto.pl\/t\/index.php?rest_route=%2Fwp%2Fv2%2Fcategories&post=2191"},{"taxonomy":"post_tag","embeddable":true,"href":"https:\/\/wgphoto.pl\/t\/index.php?rest_route=%2Fwp%2Fv2%2Ftags&post=2191"}],"curies":[{"name":"wp","href":"https:\/\/api.w.org\/{rel}","templated":true}]}}