{"id":21932,"date":"2025-09-13T20:40:14","date_gmt":"2025-09-13T18:40:14","guid":{"rendered":"https:\/\/wgphoto.pl\/t\/?p=21932"},"modified":"2025-09-14T01:17:35","modified_gmt":"2025-09-13T23:17:35","slug":"baile-calacea","status":"publish","type":"post","link":"https:\/\/wgphoto.pl\/t\/?p=21932","title":{"rendered":"B\u0103ile Calacea"},"content":{"rendered":"\n<figure class=\"wp-block-image aligncenter size-full\"><img loading=\"lazy\" decoding=\"async\" width=\"1400\" height=\"927\" src=\"https:\/\/wgphoto.pl\/t\/wp-content\/uploads\/2025\/09\/IMGP7720.jpg\" alt=\"\" class=\"wp-image-21933\" srcset=\"https:\/\/wgphoto.pl\/t\/wp-content\/uploads\/2025\/09\/IMGP7720.jpg 1400w, https:\/\/wgphoto.pl\/t\/wp-content\/uploads\/2025\/09\/IMGP7720-300x199.jpg 300w, https:\/\/wgphoto.pl\/t\/wp-content\/uploads\/2025\/09\/IMGP7720-768x509.jpg 768w\" sizes=\"auto, (max-width: 1400px) 100vw, 1400px\" \/><\/figure>\n\n\n\n<div class=\"wp-block-group has-global-padding is-layout-constrained wp-block-group-is-layout-constrained\">\n<p>Maszyna 477.689 z poci\u0105giem osobowym 2029 relacji Timi\u015foara Nord &#8211; Simeria zatrzymuje si\u0119 pod budynkiem stacji B\u0103ile Calacea, kt\u00f3ra mie\u015bci si\u0119 we wsi Carani. Nast\u0105pi tutaj krzy\u017cowanie z po\u015bpiechem jad\u0105cym do Timiszoary. 23.05.2024<\/p>\n<\/div>\n","protected":false},"excerpt":{"rendered":"<p>Maszyna 477.689 z poci\u0105giem osobowym 2029 relacji Timi\u015foara Nord &#8211; Simeria zatrzymuje si\u0119 pod budynkiem stacji B\u0103ile Calacea, kt\u00f3ra mie\u015bci si\u0119 we wsi Carani. Nast\u0105pi tutaj krzy\u017cowanie z po\u015bpiechem jad\u0105cym do Timiszoary. 23.05.2024<\/p>\n","protected":false},"author":1,"featured_media":21933,"comment_status":"open","ping_status":"","sticky":false,"template":"","format":"standard","meta":{"footnotes":""},"categories":[2,5],"tags":[2588,4189,4512,958,1248,313,574],"class_list":["post-21932","post","type-post","status-publish","format-standard","has-post-thumbnail","hentry","category-kolej","category-2024r","tag-2024-05-23","tag-4189","tag-baile-calacea","tag-cfr","tag-druga-majowka-2024","tag-dyzurny","tag-rumunia"],"_links":{"self":[{"href":"https:\/\/wgphoto.pl\/t\/index.php?rest_route=\/wp\/v2\/posts\/21932","targetHints":{"allow":["GET"]}}],"collection":[{"href":"https:\/\/wgphoto.pl\/t\/index.php?rest_route=\/wp\/v2\/posts"}],"about":[{"href":"https:\/\/wgphoto.pl\/t\/index.php?rest_route=\/wp\/v2\/types\/post"}],"author":[{"embeddable":true,"href":"https:\/\/wgphoto.pl\/t\/index.php?rest_route=\/wp\/v2\/users\/1"}],"replies":[{"embeddable":true,"href":"https:\/\/wgphoto.pl\/t\/index.php?rest_route=%2Fwp%2Fv2%2Fcomments&post=21932"}],"version-history":[{"count":2,"href":"https:\/\/wgphoto.pl\/t\/index.php?rest_route=\/wp\/v2\/posts\/21932\/revisions"}],"predecessor-version":[{"id":21935,"href":"https:\/\/wgphoto.pl\/t\/index.php?rest_route=\/wp\/v2\/posts\/21932\/revisions\/21935"}],"wp:featuredmedia":[{"embeddable":true,"href":"https:\/\/wgphoto.pl\/t\/index.php?rest_route=\/wp\/v2\/media\/21933"}],"wp:attachment":[{"href":"https:\/\/wgphoto.pl\/t\/index.php?rest_route=%2Fwp%2Fv2%2Fmedia&parent=21932"}],"wp:term":[{"taxonomy":"category","embeddable":true,"href":"https:\/\/wgphoto.pl\/t\/index.php?rest_route=%2Fwp%2Fv2%2Fcategories&post=21932"},{"taxonomy":"post_tag","embeddable":true,"href":"https:\/\/wgphoto.pl\/t\/index.php?rest_route=%2Fwp%2Fv2%2Ftags&post=21932"}],"curies":[{"name":"wp","href":"https:\/\/api.w.org\/{rel}","templated":true}]}}