{"id":21936,"date":"2025-09-14T01:18:21","date_gmt":"2025-09-13T23:18:21","guid":{"rendered":"https:\/\/wgphoto.pl\/t\/?p=21936"},"modified":"2025-09-14T01:19:02","modified_gmt":"2025-09-13T23:19:02","slug":"jednak-nie-wszedl-2","status":"publish","type":"post","link":"https:\/\/wgphoto.pl\/t\/?p=21936","title":{"rendered":"Jednak nie wszed\u0142"},"content":{"rendered":"\n<figure class=\"wp-block-image aligncenter size-full\"><img loading=\"lazy\" decoding=\"async\" width=\"1400\" height=\"927\" src=\"https:\/\/wgphoto.pl\/t\/wp-content\/uploads\/2025\/09\/IMGP7722.jpg\" alt=\"\" class=\"wp-image-21937\" srcset=\"https:\/\/wgphoto.pl\/t\/wp-content\/uploads\/2025\/09\/IMGP7722.jpg 1400w, https:\/\/wgphoto.pl\/t\/wp-content\/uploads\/2025\/09\/IMGP7722-300x199.jpg 300w, https:\/\/wgphoto.pl\/t\/wp-content\/uploads\/2025\/09\/IMGP7722-768x509.jpg 768w\" sizes=\"auto, (max-width: 1400px) 100vw, 1400px\" \/><\/figure>\n\n\n\n<div class=\"wp-block-group has-global-padding is-layout-constrained wp-block-group-is-layout-constrained\">\n<p>A oto i wspomniany pod poprzednim zdj\u0119ciem po\u015bpiech. Przez stacj\u0119 przelatuje z wysok\u0105 jak na Rumuni\u0119 pr\u0119dko\u015bci\u0105 (st\u00f3w\u0119 m\u00f3g\u0142 mie\u0107) 41.0928 z poci\u0105giem IR 73 &#8222;Traianus&#8221; z Budapesztu do Bukaresztu. Na szukanie uj\u0119cia i szacowanie odleg\u0142o\u015bci mi\u0119dzy s\u0142upami nie by\u0142o zbyt wiele czasu, wi\u0119c efekt jest jaki jest, ale przynajmniej wida\u0107 semafory o znanej konstrukcji, kt\u00f3re mia\u0142y si\u0119 w kadrze znale\u017a\u0107. B\u0103ile Calacea, 23.05.2024<\/p>\n<\/div>\n","protected":false},"excerpt":{"rendered":"<p>A oto i wspomniany pod poprzednim zdj\u0119ciem po\u015bpiech. Przez stacj\u0119 przelatuje z wysok\u0105 jak na Rumuni\u0119 pr\u0119dko\u015bci\u0105 (st\u00f3w\u0119 m\u00f3g\u0142 mie\u0107) 41.0928 z poci\u0105giem IR 73 &#8222;Traianus&#8221; z Budapesztu do Bukaresztu. Na szukanie uj\u0119cia i szacowanie odleg\u0142o\u015bci mi\u0119dzy s\u0142upami nie by\u0142o zbyt wiele czasu, wi\u0119c efekt jest jaki jest, ale przynajmniej wida\u0107 semafory o znanej konstrukcji, [&hellip;]<\/p>\n","protected":false},"author":1,"featured_media":21937,"comment_status":"open","ping_status":"","sticky":false,"template":"","format":"standard","meta":{"footnotes":""},"categories":[2,5],"tags":[2588,4187,4512,958,1248,574],"class_list":["post-21936","post","type-post","status-publish","format-standard","has-post-thumbnail","hentry","category-kolej","category-2024r","tag-2024-05-23","tag-4187","tag-baile-calacea","tag-cfr","tag-druga-majowka-2024","tag-rumunia"],"_links":{"self":[{"href":"https:\/\/wgphoto.pl\/t\/index.php?rest_route=\/wp\/v2\/posts\/21936","targetHints":{"allow":["GET"]}}],"collection":[{"href":"https:\/\/wgphoto.pl\/t\/index.php?rest_route=\/wp\/v2\/posts"}],"about":[{"href":"https:\/\/wgphoto.pl\/t\/index.php?rest_route=\/wp\/v2\/types\/post"}],"author":[{"embeddable":true,"href":"https:\/\/wgphoto.pl\/t\/index.php?rest_route=\/wp\/v2\/users\/1"}],"replies":[{"embeddable":true,"href":"https:\/\/wgphoto.pl\/t\/index.php?rest_route=%2Fwp%2Fv2%2Fcomments&post=21936"}],"version-history":[{"count":2,"href":"https:\/\/wgphoto.pl\/t\/index.php?rest_route=\/wp\/v2\/posts\/21936\/revisions"}],"predecessor-version":[{"id":21939,"href":"https:\/\/wgphoto.pl\/t\/index.php?rest_route=\/wp\/v2\/posts\/21936\/revisions\/21939"}],"wp:featuredmedia":[{"embeddable":true,"href":"https:\/\/wgphoto.pl\/t\/index.php?rest_route=\/wp\/v2\/media\/21937"}],"wp:attachment":[{"href":"https:\/\/wgphoto.pl\/t\/index.php?rest_route=%2Fwp%2Fv2%2Fmedia&parent=21936"}],"wp:term":[{"taxonomy":"category","embeddable":true,"href":"https:\/\/wgphoto.pl\/t\/index.php?rest_route=%2Fwp%2Fv2%2Fcategories&post=21936"},{"taxonomy":"post_tag","embeddable":true,"href":"https:\/\/wgphoto.pl\/t\/index.php?rest_route=%2Fwp%2Fv2%2Ftags&post=21936"}],"curies":[{"name":"wp","href":"https:\/\/api.w.org\/{rel}","templated":true}]}}