{"id":2194,"date":"2024-10-10T17:07:43","date_gmt":"2024-10-10T15:07:43","guid":{"rendered":"https:\/\/wgphoto.pl\/t\/?p=2194"},"modified":"2024-10-10T17:07:43","modified_gmt":"2024-10-10T15:07:43","slug":"kravare-ve-slezsku","status":"publish","type":"post","link":"https:\/\/wgphoto.pl\/t\/?p=2194","title":{"rendered":"Krava\u0159e ve Slezsku"},"content":{"rendered":"\n<figure class=\"wp-block-image aligncenter size-full\"><img loading=\"lazy\" decoding=\"async\" width=\"1300\" height=\"870\" src=\"https:\/\/wgphoto.pl\/t\/wp-content\/uploads\/2024\/10\/20140315191022_imgp7288.jpg\" alt=\"\" class=\"wp-image-2195\" srcset=\"https:\/\/wgphoto.pl\/t\/wp-content\/uploads\/2024\/10\/20140315191022_imgp7288.jpg 1300w, https:\/\/wgphoto.pl\/t\/wp-content\/uploads\/2024\/10\/20140315191022_imgp7288-300x201.jpg 300w, https:\/\/wgphoto.pl\/t\/wp-content\/uploads\/2024\/10\/20140315191022_imgp7288-768x514.jpg 768w\" sizes=\"auto, (max-width: 1300px) 100vw, 1300px\" \/><\/figure>\n\n\n\n<div class=\"wp-block-group has-global-padding is-layout-constrained wp-block-group-is-layout-constrained\">\n<p>Krava\u0159e ve Slezsku to w\u0119z\u0142owa stacj\u0105, gdzie od lokalnej linii Opava-v\u00fdchod &#8211; Hlu\u010d\u00edn odga\u0142\u0119zia si\u0119 jeszcze bardziej lokalna do Chuchelnej (niegdy\u015b &#8211; do Raciborza). Na stacji zatrudnienia oczekuje ma\u0142a armia motorak\u00f3w, kt\u00f3re rotacyjnie je\u017adzi\u0142y st\u0105d do obu ko\u0144cowych stacji, za\u015b na odcinku Krava\u0159e &#8211; Opava z powodu prac torowych kursowa\u0142a KKA. 2009-07-19<\/p>\n<\/div>\n","protected":false},"excerpt":{"rendered":"<p>Krava\u0159e ve Slezsku to w\u0119z\u0142owa stacj\u0105, gdzie od lokalnej linii Opava-v\u00fdchod &#8211; Hlu\u010d\u00edn odga\u0142\u0119zia si\u0119 jeszcze bardziej lokalna do Chuchelnej (niegdy\u015b &#8211; do Raciborza). Na stacji zatrudnienia oczekuje ma\u0142a armia motorak\u00f3w, kt\u00f3re rotacyjnie je\u017adzi\u0142y st\u0105d do obu ko\u0144cowych stacji, za\u015b na odcinku Krava\u0159e &#8211; Opava z powodu prac torowych kursowa\u0142a KKA. 2009-07-19<\/p>\n","protected":false},"author":1,"featured_media":2195,"comment_status":"open","ping_status":"","sticky":false,"template":"","format":"standard","meta":{"footnotes":""},"categories":[2,169],"tags":[1146,92,50,49,1145,196,1147,1148],"class_list":["post-2194","post","type-post","status-publish","format-standard","has-post-thumbnail","hentry","category-kolej","category-rok-2009","tag-2009-07-19","tag-92","tag-cd","tag-czechy","tag-kravare-ve-slezsku","tag-linie-raczej-lokalne","tag-tab-cz317","tag-tab-cz318"],"_links":{"self":[{"href":"https:\/\/wgphoto.pl\/t\/index.php?rest_route=\/wp\/v2\/posts\/2194","targetHints":{"allow":["GET"]}}],"collection":[{"href":"https:\/\/wgphoto.pl\/t\/index.php?rest_route=\/wp\/v2\/posts"}],"about":[{"href":"https:\/\/wgphoto.pl\/t\/index.php?rest_route=\/wp\/v2\/types\/post"}],"author":[{"embeddable":true,"href":"https:\/\/wgphoto.pl\/t\/index.php?rest_route=\/wp\/v2\/users\/1"}],"replies":[{"embeddable":true,"href":"https:\/\/wgphoto.pl\/t\/index.php?rest_route=%2Fwp%2Fv2%2Fcomments&post=2194"}],"version-history":[{"count":1,"href":"https:\/\/wgphoto.pl\/t\/index.php?rest_route=\/wp\/v2\/posts\/2194\/revisions"}],"predecessor-version":[{"id":2196,"href":"https:\/\/wgphoto.pl\/t\/index.php?rest_route=\/wp\/v2\/posts\/2194\/revisions\/2196"}],"wp:featuredmedia":[{"embeddable":true,"href":"https:\/\/wgphoto.pl\/t\/index.php?rest_route=\/wp\/v2\/media\/2195"}],"wp:attachment":[{"href":"https:\/\/wgphoto.pl\/t\/index.php?rest_route=%2Fwp%2Fv2%2Fmedia&parent=2194"}],"wp:term":[{"taxonomy":"category","embeddable":true,"href":"https:\/\/wgphoto.pl\/t\/index.php?rest_route=%2Fwp%2Fv2%2Fcategories&post=2194"},{"taxonomy":"post_tag","embeddable":true,"href":"https:\/\/wgphoto.pl\/t\/index.php?rest_route=%2Fwp%2Fv2%2Ftags&post=2194"}],"curies":[{"name":"wp","href":"https:\/\/api.w.org\/{rel}","templated":true}]}}