{"id":2197,"date":"2024-10-10T17:09:53","date_gmt":"2024-10-10T15:09:53","guid":{"rendered":"https:\/\/wgphoto.pl\/t\/?p=2197"},"modified":"2024-10-10T17:09:53","modified_gmt":"2024-10-10T15:09:53","slug":"jeden-z-dwudziestu","status":"publish","type":"post","link":"https:\/\/wgphoto.pl\/t\/?p=2197","title":{"rendered":"Jeden z dwudziestu"},"content":{"rendered":"\n<figure class=\"wp-block-image aligncenter size-full\"><img loading=\"lazy\" decoding=\"async\" width=\"1200\" height=\"803\" src=\"https:\/\/wgphoto.pl\/t\/wp-content\/uploads\/2024\/10\/20140315213635_imgp7293.jpg\" alt=\"\" class=\"wp-image-2198\" srcset=\"https:\/\/wgphoto.pl\/t\/wp-content\/uploads\/2024\/10\/20140315213635_imgp7293.jpg 1200w, https:\/\/wgphoto.pl\/t\/wp-content\/uploads\/2024\/10\/20140315213635_imgp7293-300x201.jpg 300w, https:\/\/wgphoto.pl\/t\/wp-content\/uploads\/2024\/10\/20140315213635_imgp7293-768x514.jpg 768w\" sizes=\"auto, (max-width: 1200px) 100vw, 1200px\" \/><\/figure>\n\n\n\n<div class=\"wp-block-group has-global-padding is-layout-constrained wp-block-group-is-layout-constrained\">\n<p>Hlu\u010d\u00edn le\u017cy na ko\u0144cu jednego z czterech &#8222;ko\u0144c\u00f3w \u015bwiata&#8221; w\u0119z\u0142a opawskiego. 810 122-2 odjedzie jako poci\u0105g 13420 do stacji Krava\u0159e ve Slezsku (ofertowo &#8211; w\u0142a\u015bnie do Opavy-v\u00fdchod; odcinek Opava &#8211; Krava\u0159e obs\u0142u\u017cony zostanie autobusem na ogumionych ko\u0142ach). W chwili wykonania zdj\u0119cia dociera\u0142o tu codziennie 20 par kurs\u00f3w, co godzin\u0119 od 4:30 do 23:30. 2009-07-19<\/p>\n<\/div>\n","protected":false},"excerpt":{"rendered":"<p>Hlu\u010d\u00edn le\u017cy na ko\u0144cu jednego z czterech &#8222;ko\u0144c\u00f3w \u015bwiata&#8221; w\u0119z\u0142a opawskiego. 810 122-2 odjedzie jako poci\u0105g 13420 do stacji Krava\u0159e ve Slezsku (ofertowo &#8211; w\u0142a\u015bnie do Opavy-v\u00fdchod; odcinek Opava &#8211; Krava\u0159e obs\u0142u\u017cony zostanie autobusem na ogumionych ko\u0142ach). W chwili wykonania zdj\u0119cia dociera\u0142o tu codziennie 20 par kurs\u00f3w, co godzin\u0119 od 4:30 do 23:30. 2009-07-19<\/p>\n","protected":false},"author":1,"featured_media":2198,"comment_status":"open","ping_status":"","sticky":false,"template":"","format":"standard","meta":{"footnotes":""},"categories":[2,169],"tags":[1146,92,50,49,1149,94,1147],"class_list":["post-2197","post","type-post","status-publish","format-standard","has-post-thumbnail","hentry","category-kolej","category-rok-2009","tag-2009-07-19","tag-92","tag-cd","tag-czechy","tag-hlucin","tag-na-kolejowym-koncu-swiata","tag-tab-cz317"],"_links":{"self":[{"href":"https:\/\/wgphoto.pl\/t\/index.php?rest_route=\/wp\/v2\/posts\/2197","targetHints":{"allow":["GET"]}}],"collection":[{"href":"https:\/\/wgphoto.pl\/t\/index.php?rest_route=\/wp\/v2\/posts"}],"about":[{"href":"https:\/\/wgphoto.pl\/t\/index.php?rest_route=\/wp\/v2\/types\/post"}],"author":[{"embeddable":true,"href":"https:\/\/wgphoto.pl\/t\/index.php?rest_route=\/wp\/v2\/users\/1"}],"replies":[{"embeddable":true,"href":"https:\/\/wgphoto.pl\/t\/index.php?rest_route=%2Fwp%2Fv2%2Fcomments&post=2197"}],"version-history":[{"count":1,"href":"https:\/\/wgphoto.pl\/t\/index.php?rest_route=\/wp\/v2\/posts\/2197\/revisions"}],"predecessor-version":[{"id":2199,"href":"https:\/\/wgphoto.pl\/t\/index.php?rest_route=\/wp\/v2\/posts\/2197\/revisions\/2199"}],"wp:featuredmedia":[{"embeddable":true,"href":"https:\/\/wgphoto.pl\/t\/index.php?rest_route=\/wp\/v2\/media\/2198"}],"wp:attachment":[{"href":"https:\/\/wgphoto.pl\/t\/index.php?rest_route=%2Fwp%2Fv2%2Fmedia&parent=2197"}],"wp:term":[{"taxonomy":"category","embeddable":true,"href":"https:\/\/wgphoto.pl\/t\/index.php?rest_route=%2Fwp%2Fv2%2Fcategories&post=2197"},{"taxonomy":"post_tag","embeddable":true,"href":"https:\/\/wgphoto.pl\/t\/index.php?rest_route=%2Fwp%2Fv2%2Ftags&post=2197"}],"curies":[{"name":"wp","href":"https:\/\/api.w.org\/{rel}","templated":true}]}}