{"id":21979,"date":"2025-09-14T20:46:13","date_gmt":"2025-09-14T18:46:13","guid":{"rendered":"https:\/\/wgphoto.pl\/t\/?p=21979"},"modified":"2025-09-14T20:46:35","modified_gmt":"2025-09-14T18:46:35","slug":"ruch-lewostronny-3","status":"publish","type":"post","link":"https:\/\/wgphoto.pl\/t\/?p=21979","title":{"rendered":"Ruch lewostronny"},"content":{"rendered":"\n<figure class=\"wp-block-image aligncenter size-full\"><img loading=\"lazy\" decoding=\"async\" width=\"1400\" height=\"927\" src=\"https:\/\/wgphoto.pl\/t\/wp-content\/uploads\/2025\/09\/IMGP4452.jpg\" alt=\"\" class=\"wp-image-21980\" srcset=\"https:\/\/wgphoto.pl\/t\/wp-content\/uploads\/2025\/09\/IMGP4452.jpg 1400w, https:\/\/wgphoto.pl\/t\/wp-content\/uploads\/2025\/09\/IMGP4452-300x199.jpg 300w, https:\/\/wgphoto.pl\/t\/wp-content\/uploads\/2025\/09\/IMGP4452-768x509.jpg 768w\" sizes=\"auto, (max-width: 1400px) 100vw, 1400px\" \/><\/figure>\n\n\n\n<div class=\"wp-block-group has-global-padding is-layout-constrained wp-block-group-is-layout-constrained\">\n<p>Turyn, Corso Filippo Turati. Alstom (Fiat) Cityway 6039 zaraz przejedzie na ruch prawostronny. Lewostronny ruch na wcze\u015bniejszym odcinku wynika chyba tylko z ch\u0119ci zorganizowania przystank\u00f3w wyspowych w pasie zieleni. 22.10.2017<\/p>\n<\/div>\n","protected":false},"excerpt":{"rendered":"<p>Turyn, Corso Filippo Turati. Alstom (Fiat) Cityway 6039 zaraz przejedzie na ruch prawostronny. Lewostronny ruch na wcze\u015bniejszym odcinku wynika chyba tylko z ch\u0119ci zorganizowania przystank\u00f3w wyspowych w pasie zieleni. 22.10.2017<\/p>\n","protected":false},"author":1,"featured_media":21980,"comment_status":"open","ping_status":"","sticky":false,"template":"","format":"standard","meta":{"footnotes":""},"categories":[368,3],"tags":[1318,4519,1316,230,832,1317,110],"class_list":["post-21979","post","type-post","status-publish","format-standard","has-post-thumbnail","hentry","category-rok-2017","category-tramwaj","tag-2017-10-22","tag-fiat-cityway","tag-gtt-torino","tag-infrastruktura","tag-mediolan-2017","tag-turyn","tag-wlochy"],"_links":{"self":[{"href":"https:\/\/wgphoto.pl\/t\/index.php?rest_route=\/wp\/v2\/posts\/21979","targetHints":{"allow":["GET"]}}],"collection":[{"href":"https:\/\/wgphoto.pl\/t\/index.php?rest_route=\/wp\/v2\/posts"}],"about":[{"href":"https:\/\/wgphoto.pl\/t\/index.php?rest_route=\/wp\/v2\/types\/post"}],"author":[{"embeddable":true,"href":"https:\/\/wgphoto.pl\/t\/index.php?rest_route=\/wp\/v2\/users\/1"}],"replies":[{"embeddable":true,"href":"https:\/\/wgphoto.pl\/t\/index.php?rest_route=%2Fwp%2Fv2%2Fcomments&post=21979"}],"version-history":[{"count":1,"href":"https:\/\/wgphoto.pl\/t\/index.php?rest_route=\/wp\/v2\/posts\/21979\/revisions"}],"predecessor-version":[{"id":21981,"href":"https:\/\/wgphoto.pl\/t\/index.php?rest_route=\/wp\/v2\/posts\/21979\/revisions\/21981"}],"wp:featuredmedia":[{"embeddable":true,"href":"https:\/\/wgphoto.pl\/t\/index.php?rest_route=\/wp\/v2\/media\/21980"}],"wp:attachment":[{"href":"https:\/\/wgphoto.pl\/t\/index.php?rest_route=%2Fwp%2Fv2%2Fmedia&parent=21979"}],"wp:term":[{"taxonomy":"category","embeddable":true,"href":"https:\/\/wgphoto.pl\/t\/index.php?rest_route=%2Fwp%2Fv2%2Fcategories&post=21979"},{"taxonomy":"post_tag","embeddable":true,"href":"https:\/\/wgphoto.pl\/t\/index.php?rest_route=%2Fwp%2Fv2%2Ftags&post=21979"}],"curies":[{"name":"wp","href":"https:\/\/api.w.org\/{rel}","templated":true}]}}