{"id":21982,"date":"2025-09-14T20:47:41","date_gmt":"2025-09-14T18:47:41","guid":{"rendered":"https:\/\/wgphoto.pl\/t\/?p=21982"},"modified":"2025-09-14T20:47:41","modified_gmt":"2025-09-14T18:47:41","slug":"tramwajem-przez-brame","status":"publish","type":"post","link":"https:\/\/wgphoto.pl\/t\/?p=21982","title":{"rendered":"Tramwajem przez bram\u0119"},"content":{"rendered":"\n<figure class=\"wp-block-image aligncenter size-full\"><img loading=\"lazy\" decoding=\"async\" width=\"1400\" height=\"931\" src=\"https:\/\/wgphoto.pl\/t\/wp-content\/uploads\/2025\/09\/IMGP4469.jpg\" alt=\"\" class=\"wp-image-21983\" srcset=\"https:\/\/wgphoto.pl\/t\/wp-content\/uploads\/2025\/09\/IMGP4469.jpg 1400w, https:\/\/wgphoto.pl\/t\/wp-content\/uploads\/2025\/09\/IMGP4469-300x200.jpg 300w, https:\/\/wgphoto.pl\/t\/wp-content\/uploads\/2025\/09\/IMGP4469-768x511.jpg 768w\" sizes=\"auto, (max-width: 1400px) 100vw, 1400px\" \/><\/figure>\n\n\n\n<div class=\"wp-block-group has-global-padding is-layout-constrained wp-block-group-is-layout-constrained\">\n<p>Wagon 5018 wyje\u017cd\u017ca z Via Vanchiglia na Piazza Vittorio Veneto w Turynie. Takich przejazd\u00f3w przez bramy jest w mie\u015bcie kilka, co czyni t\u0119 sie\u0107 ca\u0142kiem fotogeniczn\u0105. Ch\u0119tnie po\u015bwi\u0119ci\u0142bym jej wi\u0119cej czasu, lecz pomimo ca\u0142odniowej wycieczki z Mediolanu (st\u0105d te\u017c tag pod zdj\u0119ciami) tego czasu mi zabrak\u0142o. 22.10.2017<\/p>\n<\/div>\n","protected":false},"excerpt":{"rendered":"<p>Wagon 5018 wyje\u017cd\u017ca z Via Vanchiglia na Piazza Vittorio Veneto w Turynie. Takich przejazd\u00f3w przez bramy jest w mie\u015bcie kilka, co czyni t\u0119 sie\u0107 ca\u0142kiem fotogeniczn\u0105. Ch\u0119tnie po\u015bwi\u0119ci\u0142bym jej wi\u0119cej czasu, lecz pomimo ca\u0142odniowej wycieczki z Mediolanu (st\u0105d te\u017c tag pod zdj\u0119ciami) tego czasu mi zabrak\u0142o. 22.10.2017<\/p>\n","protected":false},"author":1,"featured_media":21983,"comment_status":"open","ping_status":"","sticky":false,"template":"","format":"standard","meta":{"footnotes":""},"categories":[368,3],"tags":[1318,1316,832,905,1317,110],"class_list":["post-21982","post","type-post","status-publish","format-standard","has-post-thumbnail","hentry","category-rok-2017","category-tramwaj","tag-2017-10-22","tag-gtt-torino","tag-mediolan-2017","tag-przez","tag-turyn","tag-wlochy"],"_links":{"self":[{"href":"https:\/\/wgphoto.pl\/t\/index.php?rest_route=\/wp\/v2\/posts\/21982","targetHints":{"allow":["GET"]}}],"collection":[{"href":"https:\/\/wgphoto.pl\/t\/index.php?rest_route=\/wp\/v2\/posts"}],"about":[{"href":"https:\/\/wgphoto.pl\/t\/index.php?rest_route=\/wp\/v2\/types\/post"}],"author":[{"embeddable":true,"href":"https:\/\/wgphoto.pl\/t\/index.php?rest_route=\/wp\/v2\/users\/1"}],"replies":[{"embeddable":true,"href":"https:\/\/wgphoto.pl\/t\/index.php?rest_route=%2Fwp%2Fv2%2Fcomments&post=21982"}],"version-history":[{"count":1,"href":"https:\/\/wgphoto.pl\/t\/index.php?rest_route=\/wp\/v2\/posts\/21982\/revisions"}],"predecessor-version":[{"id":21984,"href":"https:\/\/wgphoto.pl\/t\/index.php?rest_route=\/wp\/v2\/posts\/21982\/revisions\/21984"}],"wp:featuredmedia":[{"embeddable":true,"href":"https:\/\/wgphoto.pl\/t\/index.php?rest_route=\/wp\/v2\/media\/21983"}],"wp:attachment":[{"href":"https:\/\/wgphoto.pl\/t\/index.php?rest_route=%2Fwp%2Fv2%2Fmedia&parent=21982"}],"wp:term":[{"taxonomy":"category","embeddable":true,"href":"https:\/\/wgphoto.pl\/t\/index.php?rest_route=%2Fwp%2Fv2%2Fcategories&post=21982"},{"taxonomy":"post_tag","embeddable":true,"href":"https:\/\/wgphoto.pl\/t\/index.php?rest_route=%2Fwp%2Fv2%2Ftags&post=21982"}],"curies":[{"name":"wp","href":"https:\/\/api.w.org\/{rel}","templated":true}]}}