{"id":22006,"date":"2025-09-19T18:31:52","date_gmt":"2025-09-19T16:31:52","guid":{"rendered":"https:\/\/wgphoto.pl\/t\/?p=22006"},"modified":"2025-09-19T18:31:52","modified_gmt":"2025-09-19T16:31:52","slug":"kombinatoryka-mlodego-adepta-2","status":"publish","type":"post","link":"https:\/\/wgphoto.pl\/t\/?p=22006","title":{"rendered":"Kombinatoryka m\u0142odego adepta"},"content":{"rendered":"\n<figure class=\"wp-block-image aligncenter size-full\"><img loading=\"lazy\" decoding=\"async\" width=\"1200\" height=\"795\" src=\"https:\/\/wgphoto.pl\/t\/wp-content\/uploads\/2025\/09\/2000j-18_rsn.jpg\" alt=\"\" class=\"wp-image-22007\" srcset=\"https:\/\/wgphoto.pl\/t\/wp-content\/uploads\/2025\/09\/2000j-18_rsn.jpg 1200w, https:\/\/wgphoto.pl\/t\/wp-content\/uploads\/2025\/09\/2000j-18_rsn-300x199.jpg 300w, https:\/\/wgphoto.pl\/t\/wp-content\/uploads\/2025\/09\/2000j-18_rsn-768x509.jpg 768w\" sizes=\"auto, (max-width: 1200px) 100vw, 1200px\" \/><\/figure>\n\n\n\n<div class=\"wp-block-group has-global-padding is-layout-constrained wp-block-group-is-layout-constrained\">\n<p>EP09-028 z poci\u0105giem IC 1612 &#8222;Fredro&#8221; z Warszawy Wschodniej ko\u0144czy bieg we Wroc\u0142awiu G\u0142\u00f3wnym. To by\u0142a moja pierwsza klisza na Zenicie i z perspektyw\u0105 zobaczenia efekt\u00f3w za par\u0119 dni lub tygodni nawet nie wiedzia\u0142em, w jakim fotograficznym kierunku to idzie. Po 25 latach uda\u0142o si\u0119 jednak co nieco z tego kadru wyci\u0105gn\u0105\u0107. 18.09.2000<\/p>\n<\/div>\n","protected":false},"excerpt":{"rendered":"<p>EP09-028 z poci\u0105giem IC 1612 &#8222;Fredro&#8221; z Warszawy Wschodniej ko\u0144czy bieg we Wroc\u0142awiu G\u0142\u00f3wnym. To by\u0142a moja pierwsza klisza na Zenicie i z perspektyw\u0105 zobaczenia efekt\u00f3w za par\u0119 dni lub tygodni nawet nie wiedzia\u0142em, w jakim fotograficznym kierunku to idzie. Po 25 latach uda\u0142o si\u0119 jednak co nieco z tego kadru wyci\u0105gn\u0105\u0107. 18.09.2000<\/p>\n","protected":false},"author":1,"featured_media":22007,"comment_status":"open","ping_status":"","sticky":false,"template":"","format":"standard","meta":{"footnotes":""},"categories":[62,2,1099],"tags":[4529,2461,162,63,27,90,41,180],"class_list":["post-22006","post","type-post","status-publish","format-standard","has-post-thumbnail","hentry","category-analog","category-kolej","category-rok-2000","tag-2000-09-18","tag-ep09","tag-niebo","tag-pkp","tag-polska","tag-wieczorem","tag-wroclaw","tag-wroclaw-glowny"],"_links":{"self":[{"href":"https:\/\/wgphoto.pl\/t\/index.php?rest_route=\/wp\/v2\/posts\/22006","targetHints":{"allow":["GET"]}}],"collection":[{"href":"https:\/\/wgphoto.pl\/t\/index.php?rest_route=\/wp\/v2\/posts"}],"about":[{"href":"https:\/\/wgphoto.pl\/t\/index.php?rest_route=\/wp\/v2\/types\/post"}],"author":[{"embeddable":true,"href":"https:\/\/wgphoto.pl\/t\/index.php?rest_route=\/wp\/v2\/users\/1"}],"replies":[{"embeddable":true,"href":"https:\/\/wgphoto.pl\/t\/index.php?rest_route=%2Fwp%2Fv2%2Fcomments&post=22006"}],"version-history":[{"count":1,"href":"https:\/\/wgphoto.pl\/t\/index.php?rest_route=\/wp\/v2\/posts\/22006\/revisions"}],"predecessor-version":[{"id":22008,"href":"https:\/\/wgphoto.pl\/t\/index.php?rest_route=\/wp\/v2\/posts\/22006\/revisions\/22008"}],"wp:featuredmedia":[{"embeddable":true,"href":"https:\/\/wgphoto.pl\/t\/index.php?rest_route=\/wp\/v2\/media\/22007"}],"wp:attachment":[{"href":"https:\/\/wgphoto.pl\/t\/index.php?rest_route=%2Fwp%2Fv2%2Fmedia&parent=22006"}],"wp:term":[{"taxonomy":"category","embeddable":true,"href":"https:\/\/wgphoto.pl\/t\/index.php?rest_route=%2Fwp%2Fv2%2Fcategories&post=22006"},{"taxonomy":"post_tag","embeddable":true,"href":"https:\/\/wgphoto.pl\/t\/index.php?rest_route=%2Fwp%2Fv2%2Ftags&post=22006"}],"curies":[{"name":"wp","href":"https:\/\/api.w.org\/{rel}","templated":true}]}}